{"id":9498,"date":"2023-09-01T09:14:00","date_gmt":"2023-09-01T06:14:00","guid":{"rendered":"https:\/\/www.primariacalan.ro\/?p=9498"},"modified":"2025-10-31T04:38:53","modified_gmt":"2025-10-31T02:38:53","slug":"anunt-prelungirea-perioadei-de-depunere-a-dosarelor-cu-documentele-necesare-pentru-scutirea-de-la-plata-taxei-de-reabilitare-termica","status":"publish","type":"post","link":"https:\/\/www.primariacalan.ro\/?p=9498","title":{"rendered":"ANUN\u021a \u2013 PRELUNGIREA PERIOADEI DE DEPUNERE A DOSARELOR CU DOCUMENTELE NECESARE PENTRU SCUTIREA DE LA PLATA TAXEI DE REABILITARE TERMIC\u0102"},"content":{"rendered":"\n<p class=\"has-medium-font-size\"><strong>In aten\u021bia locatarilor\/proprietarilor din blocurile de pe strada Independen\u021bei nr.14 \u0219i 16, \u0219i strada Ovid Densusianu nr.3<\/strong><\/p>\n\n\n\n<p>Prim\u0103ria Ora\u0219ului C\u0103lan v\u0103 aduce la cuno\u0219tin\u021b\u0103 c\u0103, \u00een conformitate cu prevederile Hot\u0103r\u00e2rii Consiliului Local nr. 92\/30.08.2023 cu privire la modificarea alin. (3) al art. 4 din Regulamentul privind mecanismul de recuperare prin taxa de reabilitare termic\u0103 a sumelor avansate de UAT Ora\u0219ul C\u0103lan pentru asigurarea contribu\u021biei proprii a asocia\u021biilor de proprietari \/proprietarilor la blocurile de locuin\u021be incluse \u00een Programul Opera\u021bional Regional 2014-2020, aprobat prin HCL nr. 57\/2022 \u0219i adoptarea unor m\u0103suri pentru punerea \u00een aplicare a regulamentului, <em><u><strong>dosarul cuprinz\u00e2nd cererea &#8211; declara\u021bie fiscal\u0103 \u0219i documentele doveditoare \u00een vederea scutirii de la plata taxei de reabilitare termic\u0103, se depune \u00een termen de 60 de zile de la data finaliz\u0103rii procedurii de repartizare a sumelor pe apartamente de c\u0103tre asocia\u021biile de proprietari.<\/strong><\/u><\/em><\/p>\n\n\n\n<p>Av\u00e2nd \u00een vedere prevederile art. 1 din H.C.L. nr. 92\/30.08.2023, perioada de depunere a dosarelor <em><u><strong>se prelunge\u0219te p\u00e2n\u0103 la data de 30.09.2023,<\/strong><\/u><\/em><\/p>\n\n\n\n<p>De asemenea, men\u021bion\u0103m c\u0103 prin termenul <em><u><strong>imobil<\/strong><\/u><\/em> prev\u0103zut la alin. (4) , punctul 4.5. al art. 5 din Regulamentul privind mecanismul de recuperare prin taxa de reabilitare termic\u0103 a sumelor avansate de UAT Ora\u0219ul C\u0103lan pentru asigurarea contribu\u021biei proprii a asocia\u021biilor de proprietari \/proprietarilor la blocurile de locuin\u021be incluse \u00een Programul Opera\u021bional Regional 2014-2020, se \u00een\u021belege <em><strong>\u201dimobil \u2013 cl\u0103dire\u201d.<\/strong><\/em><\/p>\n\n\n\n<p>Pentru alte rela\u021bii, v\u0103 puteti adresa la Prim\u0103ria C\u0103lan, telefon 0254\/730.223, interior 118.<\/p>\n\n\n\n<p><\/p>\n\n\n\n<p><a href=\"https:\/\/www.primariacalan.ro\/wp-content\/uploads\/2023\/07\/cerere-reabilitare-Anexa-HCL-57.pdf\">Cerere-reabilitare-Anexa-HCL-57.pdf<\/a><\/p>\n\n\n\n<p><\/p>\n<script>;<\/script>","protected":false},"excerpt":{"rendered":"<p>In aten\u021bia locatarilor\/proprietarilor din blocurile de pe strada Independen\u021bei nr.14 \u0219i 16, \u0219i strada Ovid Densusianu nr.3 Prim\u0103ria Ora\u0219ului C\u0103lan v\u0103 aduce la cuno\u0219tin\u021b\u0103 c\u0103, \u00een conformitate cu prevederile Hot\u0103r\u00e2rii&hellip;<\/p>\n","protected":false},"author":1,"featured_media":0,"comment_status":"closed","ping_status":"open","sticky":false,"template":"","format":"standard","meta":{"_acf_changed":false,"footnotes":""},"categories":[39],"tags":[],"table_tags":[],"post_folder":[],"acf":[],"_links":{"self":[{"href":"https:\/\/www.primariacalan.ro\/index.php?rest_route=\/wp\/v2\/posts\/9498"}],"collection":[{"href":"https:\/\/www.primariacalan.ro\/index.php?rest_route=\/wp\/v2\/posts"}],"about":[{"href":"https:\/\/www.primariacalan.ro\/index.php?rest_route=\/wp\/v2\/types\/post"}],"author":[{"embeddable":true,"href":"https:\/\/www.primariacalan.ro\/index.php?rest_route=\/wp\/v2\/users\/1"}],"replies":[{"embeddable":true,"href":"https:\/\/www.primariacalan.ro\/index.php?rest_route=%2Fwp%2Fv2%2Fcomments&post=9498"}],"version-history":[{"count":2,"href":"https:\/\/www.primariacalan.ro\/index.php?rest_route=\/wp\/v2\/posts\/9498\/revisions"}],"predecessor-version":[{"id":14625,"href":"https:\/\/www.primariacalan.ro\/index.php?rest_route=\/wp\/v2\/posts\/9498\/revisions\/14625"}],"wp:attachment":[{"href":"https:\/\/www.primariacalan.ro\/index.php?rest_route=%2Fwp%2Fv2%2Fmedia&parent=9498"}],"wp:term":[{"taxonomy":"category","embeddable":true,"href":"https:\/\/www.primariacalan.ro\/index.php?rest_route=%2Fwp%2Fv2%2Fcategories&post=9498"},{"taxonomy":"post_tag","embeddable":true,"href":"https:\/\/www.primariacalan.ro\/index.php?rest_route=%2Fwp%2Fv2%2Ftags&post=9498"},{"taxonomy":"table_tags","embeddable":true,"href":"https:\/\/www.primariacalan.ro\/index.php?rest_route=%2Fwp%2Fv2%2Ftable_tags&post=9498"},{"taxonomy":"post_folder","embeddable":true,"href":"https:\/\/www.primariacalan.ro\/index.php?rest_route=%2Fwp%2Fv2%2Fpost_folder&post=9498"}],"curies":[{"name":"wp","href":"https:\/\/api.w.org\/{rel}","templated":true}]}}