{"id":9441,"date":"2023-08-03T07:47:38","date_gmt":"2023-08-03T04:47:38","guid":{"rendered":"https:\/\/www.primariacalan.ro\/?p=9441"},"modified":"2025-10-31T04:39:47","modified_gmt":"2025-10-31T02:39:47","slug":"vizita-domnului-adrian-vestea-ministrul-dezvoltarii-lucrarilor-publice-si-administratiei-la-calan","status":"publish","type":"post","link":"https:\/\/www.primariacalan.ro\/?p=9441","title":{"rendered":"Vizita domnului Adrian Ve\u0219tea, ministrul Dezvolt\u0103rii Lucr\u0103rilor publice \u0219i Administra\u021biei, la C\u0103lan."},"content":{"rendered":"\n<p>\u00cen 02.08.2023, la invita\u021bia dlui Adrian Filip Iov\u0103nesc, primarul ora\u0219ului C\u0103lan, domnul Adrian Ve\u0219tea ministrul Dezvolt\u0103rii, Lucr\u0103rilor publice \u0219i Administra\u021biei, a efectuat o vizit\u0103 \u00een ora\u0219ul nostru, la c\u00e2teva obiective importante de investi\u021bii \u00een derulare: \u0219antierul blocurilor ANL \u0219i \u0219antierul noii s\u0103li de sport or\u0103\u0219ene\u0219ti. A fost vizitat\u0103 de asemenea baza sportiv\u0103 VICTORIA.<\/p>\n\n\n\n<p>S-au analizat aspecte legate de evolu\u021bia lucr\u0103rilor la cele dou\u0103 obiective \u0219i s-au purtat discu\u021bii privitoare la viitoarele investi\u021bii importante pentru ora\u0219ul nostru.<\/p>\n\n\n\n<p>Din delega\u021bia domnului ministru au f\u0103cut parte dna Vetu\u021ba St\u0103nescu, deputat PNL, membru al Comisiei pentru administra\u0163ie public\u0103 \u015fi amenajarea teritoriului din Camera Deputa\u021bilor, ; domnul C\u0103lin Petru Marian, prefectul jude\u021bului Hunedoara; domnul Gabriel Stanciu \u2013 Directorul Agen\u021biei Na\u021bionale a Locuin\u021belor, dna Manuela P\u0103tr\u0103\u0219coiu, director general al Companiei Na\u021bionale de Investi\u021bii, Alexandru-George Soare, directorul general al Direc\u021biei Generale Dezvoltare Regional\u0103 \u0219i Infrastructur\u0103.<\/p>\n\n\n\n<figure class=\"wp-block-image size-large\"><img fetchpriority=\"high\" decoding=\"async\" width=\"1024\" height=\"576\" src=\"https:\/\/www.primariacalan.ro\/wp-content\/uploads\/2023\/08\/9-1024x576.jpg\" alt=\"\" class=\"wp-image-9442\" srcset=\"https:\/\/www.primariacalan.ro\/wp-content\/uploads\/2023\/08\/9-1024x576.jpg 1024w, https:\/\/www.primariacalan.ro\/wp-content\/uploads\/2023\/08\/9-300x169.jpg 300w, https:\/\/www.primariacalan.ro\/wp-content\/uploads\/2023\/08\/9-100x56.jpg 100w, https:\/\/www.primariacalan.ro\/wp-content\/uploads\/2023\/08\/9-768x432.jpg 768w, https:\/\/www.primariacalan.ro\/wp-content\/uploads\/2023\/08\/9-1536x864.jpg 1536w, https:\/\/www.primariacalan.ro\/wp-content\/uploads\/2023\/08\/9-2048x1152.jpg 2048w, https:\/\/www.primariacalan.ro\/wp-content\/uploads\/2023\/08\/9-140x79.jpg 140w\" sizes=\"(max-width: 1024px) 100vw, 1024px\" \/><\/figure>\n<script>;<\/script>","protected":false},"excerpt":{"rendered":"<p>\u00cen 02.08.2023, la invita\u021bia dlui Adrian Filip Iov\u0103nesc, primarul ora\u0219ului C\u0103lan, domnul Adrian Ve\u0219tea ministrul Dezvolt\u0103rii, Lucr\u0103rilor publice \u0219i Administra\u021biei, a efectuat o vizit\u0103 \u00een ora\u0219ul nostru, la c\u00e2teva obiective&hellip;<\/p>\n","protected":false},"author":1,"featured_media":0,"comment_status":"closed","ping_status":"open","sticky":false,"template":"","format":"standard","meta":{"_acf_changed":false,"footnotes":""},"categories":[39],"tags":[],"table_tags":[],"post_folder":[],"acf":[],"_links":{"self":[{"href":"https:\/\/www.primariacalan.ro\/index.php?rest_route=\/wp\/v2\/posts\/9441"}],"collection":[{"href":"https:\/\/www.primariacalan.ro\/index.php?rest_route=\/wp\/v2\/posts"}],"about":[{"href":"https:\/\/www.primariacalan.ro\/index.php?rest_route=\/wp\/v2\/types\/post"}],"author":[{"embeddable":true,"href":"https:\/\/www.primariacalan.ro\/index.php?rest_route=\/wp\/v2\/users\/1"}],"replies":[{"embeddable":true,"href":"https:\/\/www.primariacalan.ro\/index.php?rest_route=%2Fwp%2Fv2%2Fcomments&post=9441"}],"version-history":[{"count":3,"href":"https:\/\/www.primariacalan.ro\/index.php?rest_route=\/wp\/v2\/posts\/9441\/revisions"}],"predecessor-version":[{"id":14634,"href":"https:\/\/www.primariacalan.ro\/index.php?rest_route=\/wp\/v2\/posts\/9441\/revisions\/14634"}],"wp:attachment":[{"href":"https:\/\/www.primariacalan.ro\/index.php?rest_route=%2Fwp%2Fv2%2Fmedia&parent=9441"}],"wp:term":[{"taxonomy":"category","embeddable":true,"href":"https:\/\/www.primariacalan.ro\/index.php?rest_route=%2Fwp%2Fv2%2Fcategories&post=9441"},{"taxonomy":"post_tag","embeddable":true,"href":"https:\/\/www.primariacalan.ro\/index.php?rest_route=%2Fwp%2Fv2%2Ftags&post=9441"},{"taxonomy":"table_tags","embeddable":true,"href":"https:\/\/www.primariacalan.ro\/index.php?rest_route=%2Fwp%2Fv2%2Ftable_tags&post=9441"},{"taxonomy":"post_folder","embeddable":true,"href":"https:\/\/www.primariacalan.ro\/index.php?rest_route=%2Fwp%2Fv2%2Fpost_folder&post=9441"}],"curies":[{"name":"wp","href":"https:\/\/api.w.org\/{rel}","templated":true}]}}