{"id":9423,"date":"2023-07-29T06:20:21","date_gmt":"2023-07-29T03:20:21","guid":{"rendered":"https:\/\/www.primariacalan.ro\/?p=9423"},"modified":"2025-10-31T04:39:59","modified_gmt":"2025-10-31T02:39:59","slug":"inceperea-lucrarilor-la-obiectivul-de-investitii-alimentare-cu-apa-potabila-in-satele-santamaria-de-piatra-si-sancrai-apartinatoare-orasului-calan-judetul-hunedoara","status":"publish","type":"post","link":"https:\/\/www.primariacalan.ro\/?p=9423","title":{"rendered":"\u00cenceperea lucr\u0103rilor la obiectivul de investi\u021bii \u201eAlimentare cu ap\u0103 potabil\u0103 \u00een satele S\u00e2nt\u0103m\u0103ria de Piatr\u0103 \u0219i S\u00e2ncrai, apar\u021bin\u0103toare ora\u0219ului C\u0103lan, jude\u021bul Hunedoara\u201d."},"content":{"rendered":"\n<p>\u00cen prezen\u021ba primarului ora\u0219ului C\u0103lan, Adrian Filip Iov\u0103nesc \u0219i a echipei departamentului de resort din cadrul Prim\u0103riei Ora\u0219ului C\u0103lan, reprezentan\u021bii companiei S.C. INSTALA\u021aII GEVIS SRL Deva, au demarat lucr\u0103rile la obiectivul de investi\u021bii \u201eAlimentare cu ap\u0103 potabil\u0103 \u00een satele S\u00e2nt\u0103m\u0103ria de Piatr\u0103 \u0219i S\u00e2ncrai, apar\u021bin\u0103toare ora\u0219ului C\u0103lan, jude\u021bul Hunedoara\u201d.<\/p>\n\n\n\n<p>Valoarea contractului este de 3223493,28 lei, TVA inclus, \u0219i este finan\u021bat prin programul na\u021bional de investi\u021bii <a><\/a>\u201eAnghel Saligny\u201d. Durata de execu\u021bie a lucr\u0103rilor este de 8 luni.<\/p>\n\n\n\n<p>Pentru satul S\u00e2nt\u0103m\u0103ria de Piatr\u0103 se va realiza o retea de distribu\u021bie cu o lungime de 4231m \u0219i 102 bran\u0219amente, o sta\u021bie de pompare \u0219i o sta\u021bie de clorinare, iar pentru satul S\u00e2ncrai o re\u021bea de distribu\u021bie de 3421m lungime cu 112 bran\u0219amente \u0219i o sta\u021bie de clorinare. Proiectul mai prevede \u0219i o re\u021bea de hidran\u021bi supraterani exteriori \u0219i o conduct\u0103 de aduc\u021biune suplimentar\u0103 pentru satul S\u00e2ncrai, cu o lungime de 925m.<\/p>\n\n\n\n<figure class=\"wp-block-image size-full\"><img fetchpriority=\"high\" decoding=\"async\" width=\"914\" height=\"555\" src=\"https:\/\/www.primariacalan.ro\/wp-content\/uploads\/2023\/07\/357536406_664697045700873_4400300409019445623_n.jpg\" alt=\"\" class=\"wp-image-9424\" srcset=\"https:\/\/www.primariacalan.ro\/wp-content\/uploads\/2023\/07\/357536406_664697045700873_4400300409019445623_n.jpg 914w, https:\/\/www.primariacalan.ro\/wp-content\/uploads\/2023\/07\/357536406_664697045700873_4400300409019445623_n-300x182.jpg 300w, https:\/\/www.primariacalan.ro\/wp-content\/uploads\/2023\/07\/357536406_664697045700873_4400300409019445623_n-100x61.jpg 100w, https:\/\/www.primariacalan.ro\/wp-content\/uploads\/2023\/07\/357536406_664697045700873_4400300409019445623_n-768x466.jpg 768w, https:\/\/www.primariacalan.ro\/wp-content\/uploads\/2023\/07\/357536406_664697045700873_4400300409019445623_n-140x85.jpg 140w\" sizes=\"(max-width: 914px) 100vw, 914px\" \/><\/figure>\n<script>;<\/script>","protected":false},"excerpt":{"rendered":"<p>\u00cen prezen\u021ba primarului ora\u0219ului C\u0103lan, Adrian Filip Iov\u0103nesc \u0219i a echipei departamentului de resort din cadrul Prim\u0103riei Ora\u0219ului C\u0103lan, reprezentan\u021bii companiei S.C. INSTALA\u021aII GEVIS SRL Deva, au demarat lucr\u0103rile la&hellip;<\/p>\n","protected":false},"author":1,"featured_media":0,"comment_status":"closed","ping_status":"open","sticky":false,"template":"","format":"standard","meta":{"_acf_changed":false,"footnotes":""},"categories":[39],"tags":[],"table_tags":[],"post_folder":[],"acf":[],"_links":{"self":[{"href":"https:\/\/www.primariacalan.ro\/index.php?rest_route=\/wp\/v2\/posts\/9423"}],"collection":[{"href":"https:\/\/www.primariacalan.ro\/index.php?rest_route=\/wp\/v2\/posts"}],"about":[{"href":"https:\/\/www.primariacalan.ro\/index.php?rest_route=\/wp\/v2\/types\/post"}],"author":[{"embeddable":true,"href":"https:\/\/www.primariacalan.ro\/index.php?rest_route=\/wp\/v2\/users\/1"}],"replies":[{"embeddable":true,"href":"https:\/\/www.primariacalan.ro\/index.php?rest_route=%2Fwp%2Fv2%2Fcomments&post=9423"}],"version-history":[{"count":2,"href":"https:\/\/www.primariacalan.ro\/index.php?rest_route=\/wp\/v2\/posts\/9423\/revisions"}],"predecessor-version":[{"id":14636,"href":"https:\/\/www.primariacalan.ro\/index.php?rest_route=\/wp\/v2\/posts\/9423\/revisions\/14636"}],"wp:attachment":[{"href":"https:\/\/www.primariacalan.ro\/index.php?rest_route=%2Fwp%2Fv2%2Fmedia&parent=9423"}],"wp:term":[{"taxonomy":"category","embeddable":true,"href":"https:\/\/www.primariacalan.ro\/index.php?rest_route=%2Fwp%2Fv2%2Fcategories&post=9423"},{"taxonomy":"post_tag","embeddable":true,"href":"https:\/\/www.primariacalan.ro\/index.php?rest_route=%2Fwp%2Fv2%2Ftags&post=9423"},{"taxonomy":"table_tags","embeddable":true,"href":"https:\/\/www.primariacalan.ro\/index.php?rest_route=%2Fwp%2Fv2%2Ftable_tags&post=9423"},{"taxonomy":"post_folder","embeddable":true,"href":"https:\/\/www.primariacalan.ro\/index.php?rest_route=%2Fwp%2Fv2%2Fpost_folder&post=9423"}],"curies":[{"name":"wp","href":"https:\/\/api.w.org\/{rel}","templated":true}]}}