{"id":9374,"date":"2023-07-18T14:12:21","date_gmt":"2023-07-18T11:12:21","guid":{"rendered":"https:\/\/www.primariacalan.ro\/?p=9374"},"modified":"2025-10-31T04:40:24","modified_gmt":"2025-10-31T02:40:24","slug":"anunt-finalizare-reabilitare-blocuri","status":"publish","type":"post","link":"https:\/\/www.primariacalan.ro\/?p=9374","title":{"rendered":"ANUN\u021a &#8211; FINALIZARE REABILITARE BLOCURI"},"content":{"rendered":"\n<p><strong>In aten\u021bia locatarilor\/proprietarilor din blocurile de pe strada Independen\u021bei nr.14 \u0219i 16, \u0219i strada Ovid Densusianu nr.3<\/strong><\/p>\n\n\n\n<p><\/p>\n\n\n\n<p>V\u0103 aducem la cuno\u015ftin\u0163\u0103 faptul c\u0103 Prim\u0103ria Ora\u0219ului C\u0103lan a finalizat reabilitarea blocului dvs. prin Programul Opera\u021bional Regional 2014-2020.<\/p>\n\n\n\n<p>Prin Hot\u0103r\u00e2rea Consiliul Local C\u0103lan nr. 57\/2022 s-a aprobat regulamentul privind mecanismul de recuperare prin taxa de reabilitare termic\u0103 a sumelor avansate de UAT Ora\u0219ul C\u0103lan pentru asigurarea contribu\u021biei proprii a asocia\u021biilor de proprietari\/proprietarilor la blocurile de locuin\u021be incluse \u00een Programul Opera\u021bional Regional 2014-2020, conform c\u0103ruia cheltuielile de natur\u0103 social\u0103 <strong>nu se recuperez\u0103 <\/strong>de la urm\u0103toarele categorii de proprietari, persoane fizice:<\/p>\n\n\n\n<ul>\n<li>persoane cu handicap sau familii cu persoane cu handicap aflate \u00een \u00eentre\u021binere;<\/li>\n\n\n\n<li>persoane singure\/familii care, \u00een ultimele 3 luni anterioare efectu\u0103rii anchetei sociale de c\u0103tre autoritatea administra\u021biei publice locale, au realizat venituri medii nete lunare pe persoan\u0103 singur\u0103\/membru de familie sub c\u00e2\u0219tigul salarial mediu net pe economie;<\/li>\n\n\n\n<li>veteran de r\u0103zboi \u0219i so\u021bi\/so\u021bii supravie\u021buitori\/supravie\u021buitoare ai\/ale acestora;<\/li>\n\n\n\n<li>pensionari, indiferent de statutul acestora, ale c\u0103ror venituri medii nete lunare pe persoan\u0103 singur\u0103\/membru de familie sunt sub c\u00e2\u0219tigul salarial mediu net pe economie. (<strong>4564 lei venit net \/membru al familiei<\/strong>)**.<\/li>\n<\/ul>\n\n\n\n<p><em><u><strong>Cheltuielile de natur\u0103 social\u0103, prev\u0103zute mai sus, se acord\u0103 numai proprietarilor pentru apartamentul de domiciliu de la adresa cuprins\u0103 \u00een actul de identitate \u0219i numai \u00een cazul proprietarilor care de\u021bin un singur imobil.<\/strong><\/u><\/em><\/p>\n\n\n\n<p>Conform Hotar\u00e2rii Consiliului Local nr. 57\/2022, scutirea de la plata taxei de reabilitare termic\u0103, se acord\u0103 \u00een baza unei cereri (Cerere \u2013 declara\u021bie fiscal\u0103 tip) formulate de proprietarii imobilelor care se \u00eencadreaz\u0103 \u00een condi\u021biile enumerate, la care se anexeaz\u0103 documente din care sa rezulte \u00eencadrarea \u00een condi\u021biile de acordare a ajutorului social. Dosarul va cuprinde :<\/p>\n\n\n\n<p>1. Copie acte de identitate pentru proprietar\/coproprietar \u0219i pentru membrii <strong>familiei<\/strong>*;<\/p>\n\n\n\n<p>2. Extras de carte funciar\u0103 actualizat;<\/p>\n\n\n\n<p>3. Documente din care s\u0103 rezulte c\u0103 poate beneficia de scutirea taxei de reabilitare, respectiv:<\/p>\n\n\n\n<ul>\n<li>copie certificat de handicap, valabil la data depunerii cererii-declara\u021biei fiscale;<\/li>\n\n\n\n<li>legitima\u021bie veteran de r\u0103zboi, v\u0103duv\u0103 de r\u0103zboi sau v\u0103duv\u0103 nec\u0103s\u0103torit\u0103 de veteran de r\u0103zboi;<\/li>\n\n\n\n<li>cupoane de pensie pentru ultimele trei luni anterioare depunerii cererii ale proprietarilor\/coproprietarilor \u0219i membrilor familiei din care s\u0103 rezulte c\u0103 veniturile medii nete pe persoan\u0103 singur\u0103\/membru de familie sunt sub c\u00e2\u0219tigul salarial mediu net pe economie;<\/li>\n\n\n\n<li>adeverin\u021ba de venit de la locul de munc\u0103 sau orice alt document care atest\u0103 venitul ob\u021binut \u00een ultimele trei luni anterioare depunerii cererii (cupon pensie, extras bancar, mandat po\u0219tal, declara\u021bie unic\u0103, etc) pentru proprietar\/coproprietar \u0219i membrii familiei din care s\u0103 rezulte c\u0103 veniturile medii nete lunare pe persoan\u0103 singur\u0103\/membru de familie sunt sub c\u00e2\u0219tigul salarial mediu net pe economie;<\/li>\n\n\n\n<li>adeverin\u021b\u0103 venit de la ANAF pentru proprietar\/coproprietar \u0219i membrii familiei.<\/li>\n<\/ul>\n\n\n\n<p>4. Declara\u021bie notarial\u0103 pentru proprietar\/coproprietar \u0219i membrii familiei din care s\u0103 reias\u0103 c\u0103 nu au realizat venituri \u00een ultimele trei luni anterioare depunerii cererii \u2013 declara\u021bie fiscal\u0103;<\/p>\n\n\n\n<p>5. Declara\u021bie notarial\u0103 pentru proprietar\/coproprietar din care s\u0103 rezulte c\u0103 de\u021bine un singur imobil la data solicit\u0103rii scutirii.<\/p>\n\n\n\n<p><em><u><strong>Cererea \u2013 declara\u021bie fiscal\u0103 pentru stabilirea taxei de reabilitare termic\u0103, se depune<\/strong><\/u><\/em> <em><u><strong>de c\u0103tre to\u021bi proprietarii apartamentelor<\/strong><\/u><\/em> <em><u><strong>cuprinse \u00een Programul Opera\u021bional Regional 2014-2020.<\/strong><\/u><\/em><\/p>\n\n\n\n<p>Persoanele care se \u00eencadreaz\u0103 \u00een condi\u021biile specificate mai sus \u0219i depun la Prim\u0103ria C\u0103lan, \u00een perioada 19.07.2023-17.08.2023 documentele men\u021bionate, <strong>beneficiaz\u0103 de scutirea platei taxei de reabilitare.<\/strong><\/p>\n\n\n\n<p>Pentru alte relatii, v\u0103 puteti adresa la Prim\u0103ria C\u0103lan, telefon 0254\/730.223, interior 5.<\/p>\n\n\n\n<p><a href=\"https:\/\/www.primariacalan.ro\/wp-content\/uploads\/2023\/07\/Anunt-depunere-documenteperioada-depunere_page-0001-rotated.jpg\">ANUN\u021a<\/a><\/p>\n<script>;<\/script>","protected":false},"excerpt":{"rendered":"<p>In aten\u021bia locatarilor\/proprietarilor din blocurile de pe strada Independen\u021bei nr.14 \u0219i 16, \u0219i strada Ovid Densusianu nr.3 V\u0103 aducem la cuno\u015ftin\u0163\u0103 faptul c\u0103 Prim\u0103ria Ora\u0219ului C\u0103lan a finalizat reabilitarea blocului&hellip;<\/p>\n","protected":false},"author":1,"featured_media":0,"comment_status":"closed","ping_status":"open","sticky":false,"template":"","format":"standard","meta":{"_acf_changed":false,"footnotes":""},"categories":[39],"tags":[],"table_tags":[],"post_folder":[],"acf":[],"_links":{"self":[{"href":"https:\/\/www.primariacalan.ro\/index.php?rest_route=\/wp\/v2\/posts\/9374"}],"collection":[{"href":"https:\/\/www.primariacalan.ro\/index.php?rest_route=\/wp\/v2\/posts"}],"about":[{"href":"https:\/\/www.primariacalan.ro\/index.php?rest_route=\/wp\/v2\/types\/post"}],"author":[{"embeddable":true,"href":"https:\/\/www.primariacalan.ro\/index.php?rest_route=\/wp\/v2\/users\/1"}],"replies":[{"embeddable":true,"href":"https:\/\/www.primariacalan.ro\/index.php?rest_route=%2Fwp%2Fv2%2Fcomments&post=9374"}],"version-history":[{"count":2,"href":"https:\/\/www.primariacalan.ro\/index.php?rest_route=\/wp\/v2\/posts\/9374\/revisions"}],"predecessor-version":[{"id":14640,"href":"https:\/\/www.primariacalan.ro\/index.php?rest_route=\/wp\/v2\/posts\/9374\/revisions\/14640"}],"wp:attachment":[{"href":"https:\/\/www.primariacalan.ro\/index.php?rest_route=%2Fwp%2Fv2%2Fmedia&parent=9374"}],"wp:term":[{"taxonomy":"category","embeddable":true,"href":"https:\/\/www.primariacalan.ro\/index.php?rest_route=%2Fwp%2Fv2%2Fcategories&post=9374"},{"taxonomy":"post_tag","embeddable":true,"href":"https:\/\/www.primariacalan.ro\/index.php?rest_route=%2Fwp%2Fv2%2Ftags&post=9374"},{"taxonomy":"table_tags","embeddable":true,"href":"https:\/\/www.primariacalan.ro\/index.php?rest_route=%2Fwp%2Fv2%2Ftable_tags&post=9374"},{"taxonomy":"post_folder","embeddable":true,"href":"https:\/\/www.primariacalan.ro\/index.php?rest_route=%2Fwp%2Fv2%2Fpost_folder&post=9374"}],"curies":[{"name":"wp","href":"https:\/\/api.w.org\/{rel}","templated":true}]}}