{"id":9345,"date":"2023-07-10T12:03:00","date_gmt":"2023-07-10T09:03:00","guid":{"rendered":"https:\/\/www.primariacalan.ro\/?p=9345"},"modified":"2025-10-31T04:40:48","modified_gmt":"2025-10-31T02:40:48","slug":"alimentarea-cu-apa-potabila-in-satele-santamaria-de-piatra-si-sancrai-apartinatoare-orasului-calan-judetul-hunedoara","status":"publish","type":"post","link":"https:\/\/www.primariacalan.ro\/?p=9345","title":{"rendered":"Alimentarea cu ap\u0103 potabil\u0103 \u00een satele S\u00e2nt\u0103m\u0103ria de Piatr\u0103 \u0219i S\u00e2ncrai, apar\u021bin\u0103toare ora\u0219ului C\u0103lan, jude\u021bul Hunedoara"},"content":{"rendered":"\n<p>\u00cen 10.07.2023, primarul ora\u0219ului C\u0103lan, Adrian Filip Iov\u0103nesc, a semnat contractul de lucr\u0103ri pentru obiectivul de investi\u021bii \u201eAlimentare cu ap\u0103 potabil\u0103 \u00een satele S\u00e2nt\u0103m\u0103ria de Piatr\u0103 \u0219i S\u00e2ncrai, apar\u021bin\u0103toare ora\u0219ului C\u0103lan, jude\u021bul Hunedoara\u201d.<\/p>\n\n\n\n<p>Valoarea contractului este de 3223493,28 lei, TVA inclus, \u0219i este finan\u021bat prin programul na\u021bional de investi\u021bii \u201eAnghel Saligny\u201d.<\/p>\n\n\n\n<p>Durata de execu\u021bie a lucr\u0103rilor este de 8 luni, iar executant al lucr\u0103rilor este S.C. INSTALA\u021aII GEVIS SRL Deva.<\/p>\n\n\n\n<p>Pentru satul S\u00e2nt\u0103m\u0103ria de Piatr\u0103 se va realiza o retea de distribu\u021bie cu o lungime de 4231m \u0219i 102 bran\u0219amente, o sta\u021bie de pompare \u0219i o sta\u021bie de clorinare, iar pentru satul S\u00e2ncrai o re\u021bea de distribu\u021bie de 3421m lungime cu 112 bran\u0219amente \u0219i o sta\u021bie de clorinare.<\/p>\n\n\n\n<p>De asemenea proiectul prevede o re\u021bea de hidran\u021bi supraterani exteriori \u0219i o conduct\u0103 de aduc\u021biune suplimentar\u0103 pentru satul S\u00e2ncrai, cu o lungime de 925m.<\/p>\n\n\n\n<figure class=\"wp-block-image size-large\"><img fetchpriority=\"high\" decoding=\"async\" width=\"1024\" height=\"724\" src=\"https:\/\/www.primariacalan.ro\/wp-content\/uploads\/2023\/07\/anunt-alimentare-apa-Sancrai-Santamarie-Piatra-1024x724.jpg\" alt=\"\" class=\"wp-image-9346\" srcset=\"https:\/\/www.primariacalan.ro\/wp-content\/uploads\/2023\/07\/anunt-alimentare-apa-Sancrai-Santamarie-Piatra-1024x724.jpg 1024w, https:\/\/www.primariacalan.ro\/wp-content\/uploads\/2023\/07\/anunt-alimentare-apa-Sancrai-Santamarie-Piatra-300x212.jpg 300w, https:\/\/www.primariacalan.ro\/wp-content\/uploads\/2023\/07\/anunt-alimentare-apa-Sancrai-Santamarie-Piatra-100x71.jpg 100w, https:\/\/www.primariacalan.ro\/wp-content\/uploads\/2023\/07\/anunt-alimentare-apa-Sancrai-Santamarie-Piatra-768x543.jpg 768w, https:\/\/www.primariacalan.ro\/wp-content\/uploads\/2023\/07\/anunt-alimentare-apa-Sancrai-Santamarie-Piatra-140x99.jpg 140w, https:\/\/www.primariacalan.ro\/wp-content\/uploads\/2023\/07\/anunt-alimentare-apa-Sancrai-Santamarie-Piatra.jpg 1123w\" sizes=\"(max-width: 1024px) 100vw, 1024px\" \/><\/figure>\n<script>;<\/script>","protected":false},"excerpt":{"rendered":"<p>\u00cen 10.07.2023, primarul ora\u0219ului C\u0103lan, Adrian Filip Iov\u0103nesc, a semnat contractul de lucr\u0103ri pentru obiectivul de investi\u021bii \u201eAlimentare cu ap\u0103 potabil\u0103 \u00een satele S\u00e2nt\u0103m\u0103ria de Piatr\u0103 \u0219i S\u00e2ncrai, apar\u021bin\u0103toare ora\u0219ului&hellip;<\/p>\n","protected":false},"author":1,"featured_media":0,"comment_status":"closed","ping_status":"open","sticky":false,"template":"","format":"standard","meta":{"_acf_changed":false,"footnotes":""},"categories":[39],"tags":[],"table_tags":[],"post_folder":[],"acf":[],"_links":{"self":[{"href":"https:\/\/www.primariacalan.ro\/index.php?rest_route=\/wp\/v2\/posts\/9345"}],"collection":[{"href":"https:\/\/www.primariacalan.ro\/index.php?rest_route=\/wp\/v2\/posts"}],"about":[{"href":"https:\/\/www.primariacalan.ro\/index.php?rest_route=\/wp\/v2\/types\/post"}],"author":[{"embeddable":true,"href":"https:\/\/www.primariacalan.ro\/index.php?rest_route=\/wp\/v2\/users\/1"}],"replies":[{"embeddable":true,"href":"https:\/\/www.primariacalan.ro\/index.php?rest_route=%2Fwp%2Fv2%2Fcomments&post=9345"}],"version-history":[{"count":3,"href":"https:\/\/www.primariacalan.ro\/index.php?rest_route=\/wp\/v2\/posts\/9345\/revisions"}],"predecessor-version":[{"id":14644,"href":"https:\/\/www.primariacalan.ro\/index.php?rest_route=\/wp\/v2\/posts\/9345\/revisions\/14644"}],"wp:attachment":[{"href":"https:\/\/www.primariacalan.ro\/index.php?rest_route=%2Fwp%2Fv2%2Fmedia&parent=9345"}],"wp:term":[{"taxonomy":"category","embeddable":true,"href":"https:\/\/www.primariacalan.ro\/index.php?rest_route=%2Fwp%2Fv2%2Fcategories&post=9345"},{"taxonomy":"post_tag","embeddable":true,"href":"https:\/\/www.primariacalan.ro\/index.php?rest_route=%2Fwp%2Fv2%2Ftags&post=9345"},{"taxonomy":"table_tags","embeddable":true,"href":"https:\/\/www.primariacalan.ro\/index.php?rest_route=%2Fwp%2Fv2%2Ftable_tags&post=9345"},{"taxonomy":"post_folder","embeddable":true,"href":"https:\/\/www.primariacalan.ro\/index.php?rest_route=%2Fwp%2Fv2%2Fpost_folder&post=9345"}],"curies":[{"name":"wp","href":"https:\/\/api.w.org\/{rel}","templated":true}]}}