{"id":9256,"date":"2023-06-19T10:40:21","date_gmt":"2023-06-19T07:40:21","guid":{"rendered":"https:\/\/www.primariacalan.ro\/?p=9256"},"modified":"2025-10-31T04:41:25","modified_gmt":"2025-10-31T02:41:25","slug":"programul-privind-casarea-autovehiculelor-uzate-rabla-local-uat-calan","status":"publish","type":"post","link":"https:\/\/www.primariacalan.ro\/?p=9256","title":{"rendered":"PROGRAMUL PRIVIND CASAREA AUTOVEHICULELOR UZATE &#8212; RABLA LOCAL  UAT C\u0102LAN"},"content":{"rendered":"\n<p><strong>A FOST PUBLICAT\u0102 LISTA CU UAT-URILE ELIGIBILE PENTRU PROGRAMUL RABLA LOCAL<\/strong><\/p>\n\n\n\n<p>\u00cen urma \u00eencheierii evalu\u0103rii de c\u0103tre Administra\u021bia Fondului de Mediu (AFM) a cererilor de \u00eenscriere depuse de c\u0103tre unit\u0103\u021bile administrativ-teritoriale (UAT), pe site-ul <a href=\"http:\/\/www.afm.ro\/\">www.afm.ro<\/a> a fost publicat\u0103 lista UAT-urilor eligibile pentru Programul Rabla Local.<\/p>\n\n\n\n<p>Au fost aprobate 495 de dosare depuse de UAT-uri, printre acestea afl\u00e2ndu-se \u0219i cel depus de Prim\u0103ria Ora\u0219ului C\u0103lan, (vezi lista aici):<\/p>\n\n\n\n<p><a href=\"https:\/\/www.afm.ro\/main\/programe\/casare_auto_uzate\/2023\/casare_auto_uzate-dosare_aprobate-2023_06_12.pdf\">https:\/\/www.afm.ro\/main\/programe\/casare_auto_uzate\/2023\/casare_auto_uzate-dosare_aprobate-2023_06_12.pdf<\/a><\/p>\n\n\n\n<p>&#8211; Stimulentul de casare de 3000 de lei este asigurat astfel: 2.400 lei de la AFM \u0219i 600 de lei din bugetul local (al localit\u0103\u021bii). Suma se prime\u0219te integral, de c\u0103tre beneficiar, o singur\u0103 dat\u0103, de la prim\u0103rie.<\/p>\n\n\n\n<p class=\"has-medium-font-size\"><strong>!!! Urmeaz\u0103 s\u0103 se lanseze\/deschid\u0103 platforma AFM pentru \u00eenscrierea cet\u0103\u021benilor \u00een program. !!!<\/strong><\/p>\n\n\n\n<p>&#8211; Dup\u0103 lansarea platformei \u0219i \u00eenscrierea persoanelor fizice \u00een program, lista cu persoanele \u00eenscrise se va trimite fiec\u0103rei prim\u0103rii.<\/p>\n\n\n\n<p>&#8211; \u00cen acest moment Prim\u0103ria Ora\u0219ului C\u0103lan urmeaz\u0103 s\u0103 \u00eencheie contractul de delegare cu AFM, urm\u00e2nd ca dup\u0103 publicarea pe site-ul AFM a listei UAT-urilor care au \u00eencheiat astfel de contracte, s\u0103 fie f\u0103cut anun\u021bul de deschidere a platformei pentru \u00eenscrierea cet\u0103\u021benilor \u00een program.<\/p>\n\n\n\n<p><strong>!!! Etape\/pa\u0219i de urmat de c\u0103tre solicitan\u021bi:<\/strong><\/p>\n\n\n\n<p>1. S\u0103 consulte site-ul AFM (<a href=\"https:\/\/l.facebook.com\/l.php?u=http%3A%2F%2Fwww.afm.ro%2F%3Ffbclid%3DIwAR1etqRm8-6FsKu7BNNle-Rea8TuRM-2TZDlfA8Hidp_4LDm8paY4nbBJS8&amp;h=AT2ebNmSHxpt6cNBfVtEo9t2zthhBtF9bqW8T0_PJTqYyRDXphngEKfzVTdFMfKfwcxr52sJQlWNwinK2TK3jyeCp_mFZ-hKyLUKr_mkeUGu_HiAfp9DZZmPEehS2FahsWUs&amp;__tn__=-UK-R&amp;c[0]=AT3oJSo_Dl8QN4TIrVtrSHFDrIC2olq23iypxqFThXxq7OZjhV6jq3EV9110xMeHiuSqqusm9vuEDrRWNr-el5OS7m3mEl6QwMU5Qx30UnxY-dIHw33lGsJ8iDmwn2KkvewWV_gEKWnYVxBc0Czfqvci789pkQ\" rel=\"noreferrer noopener\" target=\"_blank\">www.afm.ro<\/a>), al Ministerului Mediului (<a href=\"https:\/\/l.facebook.com\/l.php?u=http%3A%2F%2Fwww.mmediu.ro%2F%3Ffbclid%3DIwAR3EyQzooVin1nV3FJ7_inVKjXGERebNFTh4IJgzvumdTcmQJtyP2kVbfhg&amp;h=AT0AyY7kYMEQgSWi61v-TMBgJqoePvd9pWb0raEZt80poTZK_YqgERZdVZE7jBEandp9AwUC0a7l1TIsPgnQ66bLssUkuKRyDujc7TO8dQNKjPuRJqw5Jy5-8S7Xk09NeZeX&amp;__tn__=-UK-R&amp;c[0]=AT3oJSo_Dl8QN4TIrVtrSHFDrIC2olq23iypxqFThXxq7OZjhV6jq3EV9110xMeHiuSqqusm9vuEDrRWNr-el5OS7m3mEl6QwMU5Qx30UnxY-dIHw33lGsJ8iDmwn2KkvewWV_gEKWnYVxBc0Czfqvci789pkQ\" rel=\"noreferrer noopener\" target=\"_blank\">www.mmediu.ro<\/a>), al Ora\u0219ului C\u0103lan, precum \u0219i mass-media pentru a afla c\u00e2nd se lanseaz\u0103\/deschide platforma AFM pentru \u00eenscrierea cet\u0103\u021benilor \u00een Program.<\/p>\n\n\n\n<p>2. Persoana fizic\u0103 se \u00eenscrie pe platforma online a AFM, pe pagina de internet a AFM <a href=\"https:\/\/l.facebook.com\/l.php?u=http%3A%2F%2Fwww.afm.ro%2F%3Ffbclid%3DIwAR1wMhbpR_tLCP0zD_KygvayZvedOGirEZWvur_u6iFIcZ5Ab3Rxaxz4Fkk&amp;h=AT2ebNmSHxpt6cNBfVtEo9t2zthhBtF9bqW8T0_PJTqYyRDXphngEKfzVTdFMfKfwcxr52sJQlWNwinK2TK3jyeCp_mFZ-hKyLUKr_mkeUGu_HiAfp9DZZmPEehS2FahsWUs&amp;__tn__=-UK-R&amp;c[0]=AT3oJSo_Dl8QN4TIrVtrSHFDrIC2olq23iypxqFThXxq7OZjhV6jq3EV9110xMeHiuSqqusm9vuEDrRWNr-el5OS7m3mEl6QwMU5Qx30UnxY-dIHw33lGsJ8iDmwn2KkvewWV_gEKWnYVxBc0Czfqvci789pkQ\" rel=\"noreferrer noopener\" target=\"_blank\">www.afm.ro<\/a> la sec\u021biunea \u201ePrograme de finan\u021bare\u201d (data de la care se vor putea face \u00eenscrieri va fi comunicat\u0103 de AFM).<\/p>\n\n\n\n<p>3. Persoana fizic\u0103 depune cererea de \u00eenscriere \u015fi documentele care atest\u0103 eligibilitatea. Dac\u0103 dosarul este aprobat, se \u00eencheie contractul de finan\u021bare cu institu\u0163ia local\u0103 (prim\u0103ria).<\/p>\n\n\n\n<p>4. Persoana fizic\u0103 merge la centrul autorizat de casare, pentru casarea autovehiculului; ma\u0219ina trebuie radiat\u0103 din circula\u021bie \u0219i scoas\u0103 din eviden\u021ba fiscal\u0103.<\/p>\n\n\n\n<p>5. La prim\u0103rie trebuie prezentate adeverin\u021ba de dezmembrare, certificatul de radiere din circula\u021bie, dovada scoaterii din eviden\u0163a fiscal\u0103.<\/p>\n\n\n\n<p>6. persoana fizic\u0103 prime\u0219te cei 3000 de lei \u00een contul bancar comunicat.<\/p>\n\n\n\n<ul>\n<li><strong>Termenele pentru aceste opera\u021biuni \u0219i alte eventuale condi\u021bii vor fi comunicate de c\u0103tre prim\u0103rii\/AFM.<\/strong><\/li>\n<\/ul>\n\n\n\n<p class=\"has-medium-font-size\"><strong>IMPORTANT! Solicitan\u021bii trebuie s\u0103 a\u0219tepte anun\u021bul de deschidere din partea AFM \u015fi de-abia apoi\u202f se pot \u00eenscrie prin intermediul aplica\u021biei informatice puse la dispozi\u021bie exclusiv de AFM.<\/strong><\/p>\n\n\n\n<p><strong>!!! Este considerat eligibil solicitantul de finan\u0163are care, la data solicit\u0103rii stimulentului pentru casare, \u00eendepline\u015fte urm\u0103toarele condi\u0163ii:<\/strong><\/p>\n\n\n\n<ul>\n<li>este persoan\u0103 fizic\u0103 cu domiciliul pe raza teritorial\u0103 a delegatului (a prim\u0103riei)<\/li>\n\n\n\n<li>de\u0163ine \u00een proprietate un autovehicul uzat \u00eenmatriculat pe numele s\u0103u de cel pu\u0163in 5 ani \u015fi se afl\u0103 \u00een eviden\u0163ele fiscale ale prim\u0103riei, cu excep\u0163ia persoanei fizice care a devenit proprietar ca urmare a partajului judiciar saua dezbaterii procedurii succesorale<\/li>\n\n\n\n<li>nu este \u00eenregistrat cu obliga\u0163ii restante de plat\u0103 a taxelor, impozitelor, amenzilor \u015fi contribu\u0163iilor c\u0103tre bugetulde stat \u015fi bugetul local, conform prevederilor legale \u00een vigoare<\/li>\n\n\n\n<li>nu a ob\u0163inut \u015fi nu este pe cale s\u0103 ob\u0163in\u0103 finan\u0163are prin proiecte ori programe finan\u0163ate din alte fonduri publice, fonduri comunitare, inclusiv prin Programul de stimulare a \u00eennoirii Parcului auto na\u0163ional 2020-2024 sau prin Programul privind reducerea emisiilor de gaze cu efect de ser\u0103 \u00een transporturi, prin promovarea vehiculelor de transport rutier nepoluante \u015fi eficiente din punct de vedere energetic, 2020-2024, pentru acela\u015fi autovehicul uzat cu care particip\u0103 \u00een Program<\/li>\n\n\n\n<li>nu este condamnat pentru infrac\u0163iuni \u00eempotriva mediului, prin hot\u0103r\u00e2re judec\u0103toreasc\u0103 definitiv\u0103<\/li>\n\n\n\n<li>se angajeaz\u0103 s\u0103 predea spre casare \u015fi s\u0103 radieze din circula\u0163ie \u015fi din eviden\u0163ele fiscale autovehiculul uzat pentru care solicit\u0103 stimulentul pentru casare<\/li>\n\n\n\n<li>se angajeaz\u0103 c\u0103 nu va achizi\u0163iona un autoturism cu norma de poluare Euro 5 \u015fi\/sau inferioar\u0103 \u00een termen de 3 ani de la primirea stimulentului pentru casare.<\/li>\n<\/ul>\n\n\n\n<p>\u00cen situa\u0163ia \u00een care solicitantul de finan\u0163are este proprietar ca urmare a partajului judiciar sau a dezbaterii procedurii succesorale, acesta va depune la prim\u0103rie declara\u0163ia pe propria r\u0103spundere conform c\u0103reia autovehiculul uzat nu a fost folosit de coproprietari\/ fostul proprietar at\u00e2t \u00een cadrul Programului, c\u00e2t \u015fi pentru proiecte ori programe finan\u0163ate din alte fonduri publice, fonduri comunitare, inclusiv prin Programul de stimulare a \u00eennoirii Parcului auto na\u0163ional 2020-2024 sau prin Programul privind reducerea emisiilor de gaze cu efect de ser\u0103 \u00een transporturi, prin promovarea vehiculelor de transport rutier nepoluante \u015fi eficiente din punct de vedere energetic, 2020-2024.<\/p>\n\n\n\n<p>\u00cen situa\u0163ia \u00een care autovehiculul uzat este de\u0163inut \u00een coproprietate, solicitantul de finan\u0163are va depune la delegat \u015fi acordul scris al coproprietarilor privind participarea \u00een cadrul Programului.<\/p>\n\n\n\n<p><strong>!!! Condi\u021bii privind autovehiculul prezentat la casare:<\/strong><\/p>\n\n\n\n<p>Pentru a fi eligibil, de\u021bin\u0103torul autovehiculului trebuie se asigure c\u0103 ma\u0219ina respectiv\u0103 \u00eendepline\u015fte cumulativ urm\u0103toarele condi\u0163ii:<\/p>\n\n\n\n<ul>\n<li>autovehiculul este \u00eenregistrat \u00een eviden\u0163ele fiscale ale prim\u0103riei<\/li>\n\n\n\n<li>la data solicit\u0103rii acord\u0103rii stimulentului pentru casare, autovehiculul are o vechime mai mare sau egal\u0103 cu 15 ani, calculat\u0103 de la anul fabrica\u0163iei; dac\u0103 anul \u00eenmatricul\u0103rii \u00eenscris \u00een cartea de identitate este anterior anului fabrica\u0163iei, sec onsider\u0103 an de fabrica\u0163ie anul \u00eenmatricul\u0103rii<\/li>\n\n\n\n<li>autovehiculul are norma de poluare Euro 3 \u015fi\/sau inferioar\u0103<\/li>\n\n\n\n<li>autovehiculul con\u0163ine componentele esen\u0163iale: motor, transmisie, tren de rulare, caroserie, \u015fasiu, precum \u015fi echipamente electronice de gestionare a func\u0163iilor autovehiculului \u015fi dispositive catalizator, dac\u0103 acestea au fost prev\u0103zute din fabrica\u0163ie.<\/li>\n<\/ul>\n\n\n\n<p class=\"has-medium-font-size\"><strong>!!! Lista actelor necesare spre a fi depuse de solicitan\u021bi la Prim\u0103rie va fi stabilit\u0103 \u00een regulamentul pe care \u00eel vom comunica \u00een timp util. !!!<\/strong><\/p>\n\n\n\n<p><\/p>\n<script>;<\/script>","protected":false},"excerpt":{"rendered":"<p>A FOST PUBLICAT\u0102 LISTA CU UAT-URILE ELIGIBILE PENTRU PROGRAMUL RABLA LOCAL \u00cen urma \u00eencheierii evalu\u0103rii de c\u0103tre Administra\u021bia Fondului de Mediu (AFM) a cererilor de \u00eenscriere depuse de c\u0103tre unit\u0103\u021bile&hellip;<\/p>\n","protected":false},"author":1,"featured_media":0,"comment_status":"closed","ping_status":"open","sticky":false,"template":"","format":"standard","meta":{"_acf_changed":false,"footnotes":""},"categories":[75],"tags":[],"table_tags":[],"post_folder":[],"acf":[],"_links":{"self":[{"href":"https:\/\/www.primariacalan.ro\/index.php?rest_route=\/wp\/v2\/posts\/9256"}],"collection":[{"href":"https:\/\/www.primariacalan.ro\/index.php?rest_route=\/wp\/v2\/posts"}],"about":[{"href":"https:\/\/www.primariacalan.ro\/index.php?rest_route=\/wp\/v2\/types\/post"}],"author":[{"embeddable":true,"href":"https:\/\/www.primariacalan.ro\/index.php?rest_route=\/wp\/v2\/users\/1"}],"replies":[{"embeddable":true,"href":"https:\/\/www.primariacalan.ro\/index.php?rest_route=%2Fwp%2Fv2%2Fcomments&post=9256"}],"version-history":[{"count":2,"href":"https:\/\/www.primariacalan.ro\/index.php?rest_route=\/wp\/v2\/posts\/9256\/revisions"}],"predecessor-version":[{"id":14650,"href":"https:\/\/www.primariacalan.ro\/index.php?rest_route=\/wp\/v2\/posts\/9256\/revisions\/14650"}],"wp:attachment":[{"href":"https:\/\/www.primariacalan.ro\/index.php?rest_route=%2Fwp%2Fv2%2Fmedia&parent=9256"}],"wp:term":[{"taxonomy":"category","embeddable":true,"href":"https:\/\/www.primariacalan.ro\/index.php?rest_route=%2Fwp%2Fv2%2Fcategories&post=9256"},{"taxonomy":"post_tag","embeddable":true,"href":"https:\/\/www.primariacalan.ro\/index.php?rest_route=%2Fwp%2Fv2%2Ftags&post=9256"},{"taxonomy":"table_tags","embeddable":true,"href":"https:\/\/www.primariacalan.ro\/index.php?rest_route=%2Fwp%2Fv2%2Ftable_tags&post=9256"},{"taxonomy":"post_folder","embeddable":true,"href":"https:\/\/www.primariacalan.ro\/index.php?rest_route=%2Fwp%2Fv2%2Fpost_folder&post=9256"}],"curies":[{"name":"wp","href":"https:\/\/api.w.org\/{rel}","templated":true}]}}