{"id":9134,"date":"2023-06-12T07:56:45","date_gmt":"2023-06-12T04:56:45","guid":{"rendered":"https:\/\/www.primariacalan.ro\/?p=9134"},"modified":"2025-10-31T04:41:31","modified_gmt":"2025-10-31T02:41:31","slug":"anunt-privind-intentia-de-elaborare-a-planului-urbanistic-zonal","status":"publish","type":"post","link":"https:\/\/www.primariacalan.ro\/?p=9134","title":{"rendered":"ANUN\u021a PRIVIND INTEN\u021aIA DE ELABORARE A PLANULUI URBANISTIC ZONAL"},"content":{"rendered":"\n<p>ANUN\u021a PRIVIND INTEN\u021aIA DE ELABORARE A PLANULUI URBANISTIC ZONAL<br>&#8221; CONSTRUIRE LOCUIN\u021a\u0102, GARAJ, PISCIN\u0102 \u0218I \u00ceMPREJMUIRE &#8220;<br>Argumentare: Construire locuin\u021b\u0103 familial\u0103 <\/p>\n\n\n\n<p>Ini\u021biator: Iacob Gheorghe si Iacob Liliana<br>Amplasament: C\u0103lan, sat Strei, CF66143, Extravilan<br>PUBLICUL ESTE INVITAT S\u0102 TRANSMIT\u0102 OBSERVA\u021aII \u0218I PROPUNERI privind inten\u021bia de elaborare a Planului Urbanistic Zonal in perioada 30\/05\/2023 &#8211; 18\/06\/2023<\/p>\n\n\n\n<p>Persoana responsabil\u0103 cu informarea \u0219i consultarea publicului:<br>Aureliu Bruzan, arhitect \u0219ef la Prim\u0103ria ora\u0219ului C\u0103lan, tel. 0254730201,<br>e-mail: primariacalan@yahoo.com<\/p>\n\n\n\n<p>R\u0103spunsul la observai\u021bile transmise va fi pus la dispozi\u021bia publicului prin afi\u0219are pe pagina proprie de internet a institu\u021biei \u0219i prin coresponden\u021b\u0103 scris\u0103.<\/p>\n\n\n\n<p><a href=\"https:\/\/www.primariacalan.ro\/wp-content\/uploads\/2023\/06\/panou-1.pdf\">Anun\u021b .pdf<\/a><\/p>\n<script>;<\/script>","protected":false},"excerpt":{"rendered":"<p>ANUN\u021a PRIVIND INTEN\u021aIA DE ELABORARE A PLANULUI URBANISTIC ZONAL&#8221; CONSTRUIRE LOCUIN\u021a\u0102, GARAJ, PISCIN\u0102 \u0218I \u00ceMPREJMUIRE &#8220;Argumentare: Construire locuin\u021b\u0103 familial\u0103 Ini\u021biator: Iacob Gheorghe si Iacob LilianaAmplasament: C\u0103lan, sat Strei, CF66143, ExtravilanPUBLICUL&hellip;<\/p>\n","protected":false},"author":1,"featured_media":0,"comment_status":"closed","ping_status":"open","sticky":false,"template":"","format":"standard","meta":{"_acf_changed":false,"footnotes":""},"categories":[39],"tags":[],"table_tags":[],"post_folder":[],"acf":[],"_links":{"self":[{"href":"https:\/\/www.primariacalan.ro\/index.php?rest_route=\/wp\/v2\/posts\/9134"}],"collection":[{"href":"https:\/\/www.primariacalan.ro\/index.php?rest_route=\/wp\/v2\/posts"}],"about":[{"href":"https:\/\/www.primariacalan.ro\/index.php?rest_route=\/wp\/v2\/types\/post"}],"author":[{"embeddable":true,"href":"https:\/\/www.primariacalan.ro\/index.php?rest_route=\/wp\/v2\/users\/1"}],"replies":[{"embeddable":true,"href":"https:\/\/www.primariacalan.ro\/index.php?rest_route=%2Fwp%2Fv2%2Fcomments&post=9134"}],"version-history":[{"count":3,"href":"https:\/\/www.primariacalan.ro\/index.php?rest_route=\/wp\/v2\/posts\/9134\/revisions"}],"predecessor-version":[{"id":14651,"href":"https:\/\/www.primariacalan.ro\/index.php?rest_route=\/wp\/v2\/posts\/9134\/revisions\/14651"}],"wp:attachment":[{"href":"https:\/\/www.primariacalan.ro\/index.php?rest_route=%2Fwp%2Fv2%2Fmedia&parent=9134"}],"wp:term":[{"taxonomy":"category","embeddable":true,"href":"https:\/\/www.primariacalan.ro\/index.php?rest_route=%2Fwp%2Fv2%2Fcategories&post=9134"},{"taxonomy":"post_tag","embeddable":true,"href":"https:\/\/www.primariacalan.ro\/index.php?rest_route=%2Fwp%2Fv2%2Ftags&post=9134"},{"taxonomy":"table_tags","embeddable":true,"href":"https:\/\/www.primariacalan.ro\/index.php?rest_route=%2Fwp%2Fv2%2Ftable_tags&post=9134"},{"taxonomy":"post_folder","embeddable":true,"href":"https:\/\/www.primariacalan.ro\/index.php?rest_route=%2Fwp%2Fv2%2Fpost_folder&post=9134"}],"curies":[{"name":"wp","href":"https:\/\/api.w.org\/{rel}","templated":true}]}}