{"id":8476,"date":"2023-02-01T08:00:43","date_gmt":"2023-02-01T06:00:43","guid":{"rendered":"https:\/\/www.primariacalan.ro\/?p=8476"},"modified":"2025-10-31T04:46:05","modified_gmt":"2025-10-31T02:46:05","slug":"inceperea-lucrarilor-de-executie-sala-de-sport-oraseneasca-calan","status":"publish","type":"post","link":"https:\/\/www.primariacalan.ro\/?p=8476","title":{"rendered":"\u00cenceperea lucr\u0103rilor de execu\u0163ie &#8211; Sala de Sport Or\u0103\u0219eneasc\u0103 &#8211; C\u0102LAN"},"content":{"rendered":"\n<p>Compania Na\u021bional\u0103 de Investi\u021bii, av\u00e2nd \u00een vedere ob\u0163inerea Autoriza\u0163iei de construire nr. 36\/06.10.2022, precum \u015fi aprobarea proiectului tehnic, a dispus \u00eenceperea lucr\u0103rilor de execu\u0163ie pentru obiectivul de investi\u0163ii \u201eConstruire Sal\u0103 de sport cu tribun\u0103 180 locuri, Str. Furnalistului, nr. F.N., ora\u015f C\u0103lan, jude\u0163ul Hunedoara&#8221; \u00eencep\u00e2nd cu data de 06.02.2023. Durata de execu\u021bie este de 10,5 luni, valoarea lucr\u0103rilor fiind de 6.192.909,03 lei.<\/p>\n\n\n\n<p>INVESTITOR: CNI<\/p>\n\n\n\n<p>ANTREPRENOR: <a><\/a>CONCAS S.A. Buz\u0103u<\/p>\n\n\n\n<p>PROIECTANT: BB&amp;ASOCIATII DESIGN S.R.L. Bucure\u015fti,<\/p>\n\n\n\n<p>FINAN\u0162ATOR: CNI<\/p>\n\n\n\n<p>DIRIGINTE: FRANGOMY SOLUTION S.R.L. Pope\u015fti Leordeni,<\/p>\n\n\n\n<p>Sala Or\u0103\u0219eneasc\u0103 de Sport C\u0103lan va avea 180 de locuri \u00een tribune, fiind un proiect standard al Companiei Na\u021bionale de Investi\u021bii. Dimensiunile maxime ale terenului vor fi de 44.8mX33.4m, cu suprafa\u021b\u0103 de gard\u0103 aferent\u0103, iar regimul de \u00een\u0103l\u021bime va fi parter + etaj. Suprafa\u021ba construit\u0103 va fi de 1445 mp., iar cea desf\u0103\u0219urat\u0103 de 1750 mp.<\/p>\n\n\n\n<p>La parter vor exista zona de primire \u2013 foyer + scara acces etaj, cabinetul medical pentru prim ajutor, depozite, vestiare, grupuri sanitare, oficiu \u00eentre\u021binere, holuri \u0219i spa\u021bii tehnice.<\/p>\n\n\n\n<p>La etaj se vor situa tribunele, grupurile sanitare \u0219i spa\u021bii tehnice.<\/p>\n\n\n\n<figure class=\"wp-block-image size-large\"><img fetchpriority=\"high\" decoding=\"async\" width=\"1024\" height=\"551\" src=\"https:\/\/www.primariacalan.ro\/wp-content\/uploads\/2023\/02\/120841277_3304847456263571_1730640288087102253_n-1024x551.jpg\" alt=\"\" class=\"wp-image-8477\" srcset=\"https:\/\/www.primariacalan.ro\/wp-content\/uploads\/2023\/02\/120841277_3304847456263571_1730640288087102253_n-1024x551.jpg 1024w, https:\/\/www.primariacalan.ro\/wp-content\/uploads\/2023\/02\/120841277_3304847456263571_1730640288087102253_n-300x161.jpg 300w, https:\/\/www.primariacalan.ro\/wp-content\/uploads\/2023\/02\/120841277_3304847456263571_1730640288087102253_n-100x54.jpg 100w, https:\/\/www.primariacalan.ro\/wp-content\/uploads\/2023\/02\/120841277_3304847456263571_1730640288087102253_n-768x413.jpg 768w, https:\/\/www.primariacalan.ro\/wp-content\/uploads\/2023\/02\/120841277_3304847456263571_1730640288087102253_n-1536x826.jpg 1536w, https:\/\/www.primariacalan.ro\/wp-content\/uploads\/2023\/02\/120841277_3304847456263571_1730640288087102253_n-140x75.jpg 140w, https:\/\/www.primariacalan.ro\/wp-content\/uploads\/2023\/02\/120841277_3304847456263571_1730640288087102253_n.jpg 2000w\" sizes=\"(max-width: 1024px) 100vw, 1024px\" \/><\/figure>\n<script>;<\/script>","protected":false},"excerpt":{"rendered":"<p>Compania Na\u021bional\u0103 de Investi\u021bii, av\u00e2nd \u00een vedere ob\u0163inerea Autoriza\u0163iei de construire nr. 36\/06.10.2022, precum \u015fi aprobarea proiectului tehnic, a dispus \u00eenceperea lucr\u0103rilor de execu\u0163ie pentru obiectivul de investi\u0163ii \u201eConstruire Sal\u0103&hellip;<\/p>\n","protected":false},"author":1,"featured_media":0,"comment_status":"closed","ping_status":"open","sticky":false,"template":"","format":"standard","meta":{"_acf_changed":false,"footnotes":""},"categories":[75,39],"tags":[],"table_tags":[],"post_folder":[],"acf":[],"_links":{"self":[{"href":"https:\/\/www.primariacalan.ro\/index.php?rest_route=\/wp\/v2\/posts\/8476"}],"collection":[{"href":"https:\/\/www.primariacalan.ro\/index.php?rest_route=\/wp\/v2\/posts"}],"about":[{"href":"https:\/\/www.primariacalan.ro\/index.php?rest_route=\/wp\/v2\/types\/post"}],"author":[{"embeddable":true,"href":"https:\/\/www.primariacalan.ro\/index.php?rest_route=\/wp\/v2\/users\/1"}],"replies":[{"embeddable":true,"href":"https:\/\/www.primariacalan.ro\/index.php?rest_route=%2Fwp%2Fv2%2Fcomments&post=8476"}],"version-history":[{"count":2,"href":"https:\/\/www.primariacalan.ro\/index.php?rest_route=\/wp\/v2\/posts\/8476\/revisions"}],"predecessor-version":[{"id":14696,"href":"https:\/\/www.primariacalan.ro\/index.php?rest_route=\/wp\/v2\/posts\/8476\/revisions\/14696"}],"wp:attachment":[{"href":"https:\/\/www.primariacalan.ro\/index.php?rest_route=%2Fwp%2Fv2%2Fmedia&parent=8476"}],"wp:term":[{"taxonomy":"category","embeddable":true,"href":"https:\/\/www.primariacalan.ro\/index.php?rest_route=%2Fwp%2Fv2%2Fcategories&post=8476"},{"taxonomy":"post_tag","embeddable":true,"href":"https:\/\/www.primariacalan.ro\/index.php?rest_route=%2Fwp%2Fv2%2Ftags&post=8476"},{"taxonomy":"table_tags","embeddable":true,"href":"https:\/\/www.primariacalan.ro\/index.php?rest_route=%2Fwp%2Fv2%2Ftable_tags&post=8476"},{"taxonomy":"post_folder","embeddable":true,"href":"https:\/\/www.primariacalan.ro\/index.php?rest_route=%2Fwp%2Fv2%2Fpost_folder&post=8476"}],"curies":[{"name":"wp","href":"https:\/\/api.w.org\/{rel}","templated":true}]}}