{"id":8359,"date":"2022-12-21T11:57:28","date_gmt":"2022-12-21T09:57:28","guid":{"rendered":"https:\/\/www.primariacalan.ro\/?p=8359"},"modified":"2025-10-31T04:46:41","modified_gmt":"2025-10-31T02:46:41","slug":"comunicat-6","status":"publish","type":"post","link":"https:\/\/www.primariacalan.ro\/?p=8359","title":{"rendered":"COMUNICAT"},"content":{"rendered":"\n<p><strong>Ministerul Mediului, Apelor \u0219i P\u0103durilor a aprobat finan\u021barea din fonduri nerambursabile a proiectului \u201e\u00ceNFIIN\u021aAREA UNUI CENTRU DE COLECTARE PRIN APORT VOLUNTAR \u00ceN ORA\u0218UL C\u0102LAN, JUDE\u021aUL HUNEDOARA\u201d, depus de c\u0103tre UAT C\u0103lan \u00een cadrul Planului Na\u021bional de Redresare \u0219i Rezilien\u021b\u0103. apelul de proiecte PNRR\/2022\/C3\/S\/1.1.A., pentru Subinvesti\u0163ia 11.A. &#8220;Infiin\u0163area de centre de colectare prin aport voluntar&#8221;, investi\u0163ia 11. \u201dDezvoltarea, modernizarea \u015fi completarea sistemelor de management integrat al de\u015feurilor municipale la nivel de jude\u0163 sau la nivel de ora\u015fe\/comune&#8221;, componenta 3. Managementul de\u015feurilor.<\/strong><\/p>\n\n\n\n<p><strong>Valoarea finan\u021b\u0103rii nerambursabile este de <\/strong><strong>3.830.914,00 lei f\u0103r\u0103 T.V.A.<\/strong><\/p>\n\n\n\n<p><strong>Obiectivul general al acestei subinvesti\u021bii este accelerarea procesului de extindere \u0219i de modernizare a sistemelor de gestionare a de\u0219eurilor \u00een Rom\u00e2nia. Accentul este pus pe colectarea separat\u0103, m\u0103suri de preven\u021bie, reducere, reutilizare \u0219i valorificare, \u00een vederea conform\u0103rii cu directivele aplicabile \u0219i tranzi\u021biei la economia circular\u0103.<\/strong><\/p>\n\n\n\n<p><strong>De asemenea, se urm\u0103re\u0219te dezvoltarea unui management eficient al de\u0219eurilor, prin suplimentarea capacit\u0103\u021bilor de colectare separat\u0103, preg\u0103tire pentru reutilizare \u0219i valorificare a de\u0219eurilor, \u00een vederea continu\u0103rii procesului de conformare cu prevederile directivelor specifice \u0219i a tranzi\u021biei la economia circular\u0103.<\/strong><\/p>\n\n\n\n<p><strong>Centrul de colectare prin aport voluntar care va fi realizat la C\u0103lan va asigura colectarea separat\u0103 a <\/strong><strong>de\u0219eurilor menajere <\/strong><strong>care nu pot fi colectate \u00een sistem \u201edoor-to-door\u201d, respectiv de\u0219euri reciclabile \u0219i biode\u0219euri care nu pot fi colectate \u00een pubelele individuale, precum \u0219i a <\/strong><strong>fluxurilor speciale de de\u0219euri: <\/strong><strong>de\u0219euri voluminoase, de\u0219euri textile, de\u0219euri din lemn, mobilier, de\u0219euri din anvelope, de\u0219euri de echipamente electrice \u0219i electronice, baterii uzate, de\u0219euri periculoase, de\u0219euri de cadavre animale, de\u0219euri de gr\u0103din\u0103, de\u0219euri din construc\u021bii \u0219i demol\u0103ri.<\/strong><\/p>\n\n\n\n<p><strong>Asigur\u0103m cet\u0103\u021benii ora\u0219ului c\u0103 dup\u0103 semnarea contractului de finantare, vom depune toate eforturile pentru \u00eenceperea licita\u021biilor, astfel \u00eenc\u00e2t s\u0103 putem demara acest proiect c\u00e2t mai repede cu putin\u0163\u0103.<\/strong><\/p>\n<script>;<\/script>","protected":false},"excerpt":{"rendered":"<p>Ministerul Mediului, Apelor \u0219i P\u0103durilor a aprobat finan\u021barea din fonduri nerambursabile a proiectului \u201e\u00ceNFIIN\u021aAREA UNUI CENTRU DE COLECTARE PRIN APORT VOLUNTAR \u00ceN ORA\u0218UL C\u0102LAN, JUDE\u021aUL HUNEDOARA\u201d, depus de c\u0103tre UAT&hellip;<\/p>\n","protected":false},"author":1,"featured_media":0,"comment_status":"closed","ping_status":"open","sticky":false,"template":"","format":"standard","meta":{"_acf_changed":false,"footnotes":""},"categories":[75],"tags":[],"table_tags":[],"post_folder":[],"acf":[],"_links":{"self":[{"href":"https:\/\/www.primariacalan.ro\/index.php?rest_route=\/wp\/v2\/posts\/8359"}],"collection":[{"href":"https:\/\/www.primariacalan.ro\/index.php?rest_route=\/wp\/v2\/posts"}],"about":[{"href":"https:\/\/www.primariacalan.ro\/index.php?rest_route=\/wp\/v2\/types\/post"}],"author":[{"embeddable":true,"href":"https:\/\/www.primariacalan.ro\/index.php?rest_route=\/wp\/v2\/users\/1"}],"replies":[{"embeddable":true,"href":"https:\/\/www.primariacalan.ro\/index.php?rest_route=%2Fwp%2Fv2%2Fcomments&post=8359"}],"version-history":[{"count":2,"href":"https:\/\/www.primariacalan.ro\/index.php?rest_route=\/wp\/v2\/posts\/8359\/revisions"}],"predecessor-version":[{"id":14702,"href":"https:\/\/www.primariacalan.ro\/index.php?rest_route=\/wp\/v2\/posts\/8359\/revisions\/14702"}],"wp:attachment":[{"href":"https:\/\/www.primariacalan.ro\/index.php?rest_route=%2Fwp%2Fv2%2Fmedia&parent=8359"}],"wp:term":[{"taxonomy":"category","embeddable":true,"href":"https:\/\/www.primariacalan.ro\/index.php?rest_route=%2Fwp%2Fv2%2Fcategories&post=8359"},{"taxonomy":"post_tag","embeddable":true,"href":"https:\/\/www.primariacalan.ro\/index.php?rest_route=%2Fwp%2Fv2%2Ftags&post=8359"},{"taxonomy":"table_tags","embeddable":true,"href":"https:\/\/www.primariacalan.ro\/index.php?rest_route=%2Fwp%2Fv2%2Ftable_tags&post=8359"},{"taxonomy":"post_folder","embeddable":true,"href":"https:\/\/www.primariacalan.ro\/index.php?rest_route=%2Fwp%2Fv2%2Fpost_folder&post=8359"}],"curies":[{"name":"wp","href":"https:\/\/api.w.org\/{rel}","templated":true}]}}