{"id":8336,"date":"2022-12-12T09:22:11","date_gmt":"2022-12-12T07:22:11","guid":{"rendered":"https:\/\/www.primariacalan.ro\/?p=8336"},"modified":"2025-10-31T04:46:54","modified_gmt":"2025-10-31T02:46:54","slug":"comunicat-d-a-s","status":"publish","type":"post","link":"https:\/\/www.primariacalan.ro\/?p=8336","title":{"rendered":"COMUNICAT D.A.S."},"content":{"rendered":"\n<p><a href=\"https:\/\/www.primariacalan.ro\/wp-content\/uploads\/2022\/12\/Comunicat-DAS-Calan-distributie-alimente-pers.-cu-hand..pdf\">Comunicat-DAS-Calan-distributie-alimente-pers.-cu-handicap<\/a><\/p>\n\n\n\n<p><strong>Direc\u0163ia de Asisten\u0163\u0103 Social\u0103 C\u0103lan<\/strong> aduce la cuno\u015ftin\u0163a persoanelor vulnerabile dependente c\u0103 \u00eencep\u00e2nd cu data de 14.12.2022 va \u00eencepe distribuirea stocului de pachete cu ajutoare alimentare care a r\u0103mas dup\u0103 distribuirea pe listele ini\u021biale &#8211; Lot 4 Transa a V-a.<\/p>\n\n\n\n<p>Av\u00e2nd \u00een vedere num\u0103rul mic de pachete r\u0103mas, distribuirea se va face cu prioritate c\u0103tre <strong>persoanele adulte cu handicap grav \u0219i accentuat care beneficiaz\u0103 doar de aceast\u0103 indemniza\u021bi<\/strong>e \u0219i nu au alte venituri cum ar fi : pensie, salar, venituri din activit\u0103\u021bi independente, etc.<\/p>\n\n\n\n<p>Aceste persoane sunt a\u0219teptate s\u0103 ridice pachetele cu ajutoare alimentare \u00een<strong> perioada 14.12.2022 \u2013 16.12.2022<\/strong>, \u00eentre orele <strong>09:00 &#8211; 14:30<\/strong>.<\/p>\n\n\n\n<p>Preciz\u0103m c\u0103 pentru aceste persoane nu exist\u0103 liste nominale \u00eentocmite \u0219i fiecare persoan\u0103 care se prezint\u0103 trebuie s\u0103 fac\u0103 dovada \u00eencadrarii \u00een gradul de handicap corespunz\u0103tor.<\/p>\n\n\n\n<p>Acte necesare :<\/p>\n\n\n\n<p>&#8211; <strong>Carte de identitate\/Buletin de identitate \u00een original \u0219i \u00een copie xerox<\/strong><\/p>\n\n\n\n<p><em><strong>&#8211; <\/strong><\/em><strong>Copie dup\u0103 certificatului de \u00eencadrare \u00een grad de handicap (valabil)<\/strong><\/p>\n\n\n\n<p>\u00cencepand cu 19.12.2022 pachetele r\u0103mase se vor distribui c\u0103tre personele \u00eencadrate \u00een gradul de handicap grav \u0219i accentuat indiferent de venituri.<\/p>\n<script>;<\/script>","protected":false},"excerpt":{"rendered":"<p>Comunicat-DAS-Calan-distributie-alimente-pers.-cu-handicap Direc\u0163ia de Asisten\u0163\u0103 Social\u0103 C\u0103lan aduce la cuno\u015ftin\u0163a persoanelor vulnerabile dependente c\u0103 \u00eencep\u00e2nd cu data de 14.12.2022 va \u00eencepe distribuirea stocului de pachete cu ajutoare alimentare care a r\u0103mas&hellip;<\/p>\n","protected":false},"author":1,"featured_media":0,"comment_status":"closed","ping_status":"open","sticky":false,"template":"","format":"standard","meta":{"_acf_changed":false,"footnotes":""},"categories":[28],"tags":[],"table_tags":[],"post_folder":[],"acf":[],"_links":{"self":[{"href":"https:\/\/www.primariacalan.ro\/index.php?rest_route=\/wp\/v2\/posts\/8336"}],"collection":[{"href":"https:\/\/www.primariacalan.ro\/index.php?rest_route=\/wp\/v2\/posts"}],"about":[{"href":"https:\/\/www.primariacalan.ro\/index.php?rest_route=\/wp\/v2\/types\/post"}],"author":[{"embeddable":true,"href":"https:\/\/www.primariacalan.ro\/index.php?rest_route=\/wp\/v2\/users\/1"}],"replies":[{"embeddable":true,"href":"https:\/\/www.primariacalan.ro\/index.php?rest_route=%2Fwp%2Fv2%2Fcomments&post=8336"}],"version-history":[{"count":2,"href":"https:\/\/www.primariacalan.ro\/index.php?rest_route=\/wp\/v2\/posts\/8336\/revisions"}],"predecessor-version":[{"id":14704,"href":"https:\/\/www.primariacalan.ro\/index.php?rest_route=\/wp\/v2\/posts\/8336\/revisions\/14704"}],"wp:attachment":[{"href":"https:\/\/www.primariacalan.ro\/index.php?rest_route=%2Fwp%2Fv2%2Fmedia&parent=8336"}],"wp:term":[{"taxonomy":"category","embeddable":true,"href":"https:\/\/www.primariacalan.ro\/index.php?rest_route=%2Fwp%2Fv2%2Fcategories&post=8336"},{"taxonomy":"post_tag","embeddable":true,"href":"https:\/\/www.primariacalan.ro\/index.php?rest_route=%2Fwp%2Fv2%2Ftags&post=8336"},{"taxonomy":"table_tags","embeddable":true,"href":"https:\/\/www.primariacalan.ro\/index.php?rest_route=%2Fwp%2Fv2%2Ftable_tags&post=8336"},{"taxonomy":"post_folder","embeddable":true,"href":"https:\/\/www.primariacalan.ro\/index.php?rest_route=%2Fwp%2Fv2%2Fpost_folder&post=8336"}],"curies":[{"name":"wp","href":"https:\/\/api.w.org\/{rel}","templated":true}]}}