{"id":8256,"date":"2022-11-29T07:31:48","date_gmt":"2022-11-29T05:31:48","guid":{"rendered":"https:\/\/www.primariacalan.ro\/?p=8256"},"modified":"2025-10-31T04:47:12","modified_gmt":"2025-10-31T02:47:12","slug":"comunicat-5","status":"publish","type":"post","link":"https:\/\/www.primariacalan.ro\/?p=8256","title":{"rendered":"COMUNICAT"},"content":{"rendered":"\n<p>Direc\u0163ia de Asisten\u0163\u0103 Social\u0103 C\u0103lan aduce la cuno\u015ftin\u0163\u0103 cet\u0103\u0163enilor c\u0103 \u00eencep\u00e2nd cu data de <strong>07.1<\/strong><strong>2.2022<\/strong> va \u00eencepe distribuirea ajutoarelor alimentare \u2013 LOT 4 TRAN\u0218A a-V-a la depozitul din C\u0103lan, situat pe str. G\u0103rii nr.1 (Sediul prim\u0103riei ).<\/p>\n\n\n\n<p>Acest lucru se face conform O.U.G. nr. 84\/2020<strong> <\/strong>pentru stabilirea unor m\u0103suri necesare \u00een vederea implement\u0103rii ,,Programului opera\u0163ional Ajutorarea Persoanelor defavorizate &#8211; POAD&#8221;, cu modific\u0103rile \u0219i complet\u0103rile ulterioare.<\/p>\n\n\n\n<p><strong>Programul de distribuire a produselor alimentare este:<\/strong><\/p>\n\n\n\n<ul>\n<li>Luni &#8211; Vineri, \u00eentre orele <strong>09:00 &#8211; 14:30<\/strong><\/li>\n<\/ul>\n\n\n\n<p><strong>Beneficiarii programului POAD sunt:<\/strong><\/p>\n\n\n\n<ul>\n<li><strong>Familiile \u0219i persoanele singure beneficiare de venit minim garantat (ajutor social) acordat \u00een baza Legii nr. 416\/2001 (VMG)<\/strong><\/li>\n\n\n\n<li><strong>Familiile beneficiare de aloca\u0163ie pentru sus\u0163inerea familiei acordat\u0103 \u00een baza Legii nr.277\/2010 (ASF)<\/strong><\/li>\n<\/ul>\n\n\n\n<p>Produsele alimentare se ridic\u0103 personal de c\u0103tre beneficiari .<\/p>\n\n\n\n<p>Documente necesare (\u00een original):<\/p>\n\n\n\n<p>&#8211; actul de identitate valabil pentru titular\/\u0103 ajutorului social;<\/p>\n\n\n\n<p>&#8211; actul de identitate so\u021b\/so\u021bie<\/p>\n\n\n\n<p>&#8211; certificatele de na\u0219tere ale copiilor<\/p>\n\n\n\n<p>Pachetele cu produse alimentare r\u0103mase <strong>dup\u0103 terminarea distribu\u021biei pe Listele<\/strong> <strong>ini\u021biale<\/strong> (pers. beneficiare de VMG \u0219i ASF) vor fi distribuite pe baza <strong>Listelor<\/strong> <strong>suplimentare<\/strong> , \u00een limita stocului disponibil, c\u0103tre <strong>Persoanele cu handicap grav \u015fi accentuat<\/strong>, adul\u0163i \u015fi copii, care nu beneficiaz\u0103 de \u00eengrijire \u00een servicii sociale \u00een regim reziden\u0163ial, publice sau private<em>.<\/em><\/p>\n\n\n\n<p>Pentru aceast\u0103 categorie vom reveni cu un nou comunicat privind data de \u00eencepere a distribu\u021biei \u0219i documentele justificative necesare .<\/p>\n\n\n\n<p><a href=\"https:\/\/www.primariacalan.ro\/wp-content\/uploads\/2022\/11\/Comunicat-DAS-distributie-ajutoare-alimentare-de-la-UE.pdf\">Comunicat-DAS-distributie-ajutoare-alimentare-de-la-UE<\/a><\/p>\n<script>;<\/script>","protected":false},"excerpt":{"rendered":"<p>Direc\u0163ia de Asisten\u0163\u0103 Social\u0103 C\u0103lan aduce la cuno\u015ftin\u0163\u0103 cet\u0103\u0163enilor c\u0103 \u00eencep\u00e2nd cu data de 07.12.2022 va \u00eencepe distribuirea ajutoarelor alimentare \u2013 LOT 4 TRAN\u0218A a-V-a la depozitul din C\u0103lan, situat&hellip;<\/p>\n","protected":false},"author":1,"featured_media":0,"comment_status":"closed","ping_status":"open","sticky":false,"template":"","format":"standard","meta":{"_acf_changed":false,"footnotes":""},"categories":[28],"tags":[],"table_tags":[],"post_folder":[],"acf":[],"_links":{"self":[{"href":"https:\/\/www.primariacalan.ro\/index.php?rest_route=\/wp\/v2\/posts\/8256"}],"collection":[{"href":"https:\/\/www.primariacalan.ro\/index.php?rest_route=\/wp\/v2\/posts"}],"about":[{"href":"https:\/\/www.primariacalan.ro\/index.php?rest_route=\/wp\/v2\/types\/post"}],"author":[{"embeddable":true,"href":"https:\/\/www.primariacalan.ro\/index.php?rest_route=\/wp\/v2\/users\/1"}],"replies":[{"embeddable":true,"href":"https:\/\/www.primariacalan.ro\/index.php?rest_route=%2Fwp%2Fv2%2Fcomments&post=8256"}],"version-history":[{"count":2,"href":"https:\/\/www.primariacalan.ro\/index.php?rest_route=\/wp\/v2\/posts\/8256\/revisions"}],"predecessor-version":[{"id":14707,"href":"https:\/\/www.primariacalan.ro\/index.php?rest_route=\/wp\/v2\/posts\/8256\/revisions\/14707"}],"wp:attachment":[{"href":"https:\/\/www.primariacalan.ro\/index.php?rest_route=%2Fwp%2Fv2%2Fmedia&parent=8256"}],"wp:term":[{"taxonomy":"category","embeddable":true,"href":"https:\/\/www.primariacalan.ro\/index.php?rest_route=%2Fwp%2Fv2%2Fcategories&post=8256"},{"taxonomy":"post_tag","embeddable":true,"href":"https:\/\/www.primariacalan.ro\/index.php?rest_route=%2Fwp%2Fv2%2Ftags&post=8256"},{"taxonomy":"table_tags","embeddable":true,"href":"https:\/\/www.primariacalan.ro\/index.php?rest_route=%2Fwp%2Fv2%2Ftable_tags&post=8256"},{"taxonomy":"post_folder","embeddable":true,"href":"https:\/\/www.primariacalan.ro\/index.php?rest_route=%2Fwp%2Fv2%2Fpost_folder&post=8256"}],"curies":[{"name":"wp","href":"https:\/\/api.w.org\/{rel}","templated":true}]}}