{"id":7837,"date":"2022-09-21T10:08:08","date_gmt":"2022-09-21T07:08:08","guid":{"rendered":"https:\/\/www.primariacalan.ro\/?p=7837"},"modified":"2025-10-31T04:50:34","modified_gmt":"2025-10-31T02:50:34","slug":"noi-lucrari-de-infrastructura-in-u-a-t-calan","status":"publish","type":"post","link":"https:\/\/www.primariacalan.ro\/?p=7837","title":{"rendered":"NOI LUCR\u0102RI DE INFRASTRUCTUR\u0102 \u00ceN U.A.T. C\u0102LAN"},"content":{"rendered":"\n<p>\u00cen perioada urm\u0103toare vor fi realizate noi lucr\u0103ri la infrastructura Ora\u0219ului C\u0103lan, dup\u0103 cum urmeaz\u0103:<\/p>\n\n\n\n<p>ALIMENTAREA cu AP\u0102 POTABIL\u0102 a satelor S\u00e2nt\u0103m\u0103ria de Piatr\u0103 \u0219i S\u00e2ncrai \u0219i REALIZAREA RE\u021aELELOR de CANALIZARE \u00een satele N\u0103d\u0103\u015ftia de Jos, N\u0103d\u0103\u015ftia de Sus, Valea S\u00e2ngiorgiului, C\u0103lanu Mic, S\u00e2ncrai, Grid \u015fi S\u00e2nt\u0103maria de Piatr\u0103.<\/p>\n\n\n\n<p>Aceste lucr\u0103ri vor fi posibile ca urmare a \u00eentocmirii \u0219i depunerii de c\u0103tre ora\u0219ul C\u0103lan a cererilor de finan\u021bare aferente proiectelor mai <a><\/a>sus men\u021bionate, \u00een cadrul Programului \u201eAnghel Saligny\u201d derulat de Ministerul Dezvolt\u0103rii.<\/p>\n\n\n\n<p><img decoding=\"async\" height=\"16\" width=\"16\" alt=\"&#x203c;&#xfe0f;\" src=\"https:\/\/static.xx.fbcdn.net\/images\/emoji.php\/v9\/t77\/1\/16\/203c.png\"><img decoding=\"async\" height=\"16\" width=\"16\" alt=\"&#x203c;&#xfe0f;\" src=\"https:\/\/static.xx.fbcdn.net\/images\/emoji.php\/v9\/t77\/1\/16\/203c.png\"><img decoding=\"async\" height=\"16\" width=\"16\" alt=\"&#x203c;&#xfe0f;\" src=\"https:\/\/static.xx.fbcdn.net\/images\/emoji.php\/v9\/t77\/1\/16\/203c.png\"> Astfel, \u00een luna septembrie 2022, UAT C\u0103lan a ob\u021binut 26,5 milioane de lei, cea mai mare sum\u0103 alocat\u0103 ora\u0219elor \u0219i municipiilor din jude\u021bul Hunedoara.<\/p>\n\n\n\n<p>Lista poate fi consultat\u0103 pe site-ul Ministerului Dezvolt\u0103rii, Lucr\u0103rilor Publice \u0219i Administra\u021biei, aici:<\/p>\n\n\n\n<p><a href=\"https:\/\/www.mdlpa.ro\/pages\/anghelsaligny\">https:\/\/www.mdlpa.ro\/pages\/anghelsaligny<\/a><\/p>\n\n\n\n<p>Asigur\u0103m cet\u0103\u021benii ora\u0219ului c\u0103 dup\u0103 semnarea contractelor de finantare, vom depune toate eforturile pentru \u00eenceperea licita\u021biilor, astfel \u00eenc\u00e2t s\u0103 putem demara aceste proiecte c\u00e2t mai repede cu putin\u0163\u0103.<\/p>\n\n\n\n<figure class=\"wp-block-image size-full\"><img fetchpriority=\"high\" decoding=\"async\" width=\"794\" height=\"919\" src=\"https:\/\/www.primariacalan.ro\/wp-content\/uploads\/2022\/09\/saligny-calan-2022.jpg\" alt=\"\" class=\"wp-image-7838\" srcset=\"https:\/\/www.primariacalan.ro\/wp-content\/uploads\/2022\/09\/saligny-calan-2022.jpg 794w, https:\/\/www.primariacalan.ro\/wp-content\/uploads\/2022\/09\/saligny-calan-2022-259x300.jpg 259w, https:\/\/www.primariacalan.ro\/wp-content\/uploads\/2022\/09\/saligny-calan-2022-86x100.jpg 86w, https:\/\/www.primariacalan.ro\/wp-content\/uploads\/2022\/09\/saligny-calan-2022-768x889.jpg 768w, https:\/\/www.primariacalan.ro\/wp-content\/uploads\/2022\/09\/saligny-calan-2022-140x162.jpg 140w\" sizes=\"(max-width: 794px) 100vw, 794px\" \/><\/figure>\n<script>;<\/script>","protected":false},"excerpt":{"rendered":"<p>\u00cen perioada urm\u0103toare vor fi realizate noi lucr\u0103ri la infrastructura Ora\u0219ului C\u0103lan, dup\u0103 cum urmeaz\u0103: ALIMENTAREA cu AP\u0102 POTABIL\u0102 a satelor S\u00e2nt\u0103m\u0103ria de Piatr\u0103 \u0219i S\u00e2ncrai \u0219i REALIZAREA RE\u021aELELOR de&hellip;<\/p>\n","protected":false},"author":1,"featured_media":0,"comment_status":"closed","ping_status":"open","sticky":false,"template":"","format":"standard","meta":{"_acf_changed":false,"footnotes":""},"categories":[75],"tags":[],"table_tags":[],"post_folder":[],"acf":[],"_links":{"self":[{"href":"https:\/\/www.primariacalan.ro\/index.php?rest_route=\/wp\/v2\/posts\/7837"}],"collection":[{"href":"https:\/\/www.primariacalan.ro\/index.php?rest_route=\/wp\/v2\/posts"}],"about":[{"href":"https:\/\/www.primariacalan.ro\/index.php?rest_route=\/wp\/v2\/types\/post"}],"author":[{"embeddable":true,"href":"https:\/\/www.primariacalan.ro\/index.php?rest_route=\/wp\/v2\/users\/1"}],"replies":[{"embeddable":true,"href":"https:\/\/www.primariacalan.ro\/index.php?rest_route=%2Fwp%2Fv2%2Fcomments&post=7837"}],"version-history":[{"count":2,"href":"https:\/\/www.primariacalan.ro\/index.php?rest_route=\/wp\/v2\/posts\/7837\/revisions"}],"predecessor-version":[{"id":14740,"href":"https:\/\/www.primariacalan.ro\/index.php?rest_route=\/wp\/v2\/posts\/7837\/revisions\/14740"}],"wp:attachment":[{"href":"https:\/\/www.primariacalan.ro\/index.php?rest_route=%2Fwp%2Fv2%2Fmedia&parent=7837"}],"wp:term":[{"taxonomy":"category","embeddable":true,"href":"https:\/\/www.primariacalan.ro\/index.php?rest_route=%2Fwp%2Fv2%2Fcategories&post=7837"},{"taxonomy":"post_tag","embeddable":true,"href":"https:\/\/www.primariacalan.ro\/index.php?rest_route=%2Fwp%2Fv2%2Ftags&post=7837"},{"taxonomy":"table_tags","embeddable":true,"href":"https:\/\/www.primariacalan.ro\/index.php?rest_route=%2Fwp%2Fv2%2Ftable_tags&post=7837"},{"taxonomy":"post_folder","embeddable":true,"href":"https:\/\/www.primariacalan.ro\/index.php?rest_route=%2Fwp%2Fv2%2Fpost_folder&post=7837"}],"curies":[{"name":"wp","href":"https:\/\/api.w.org\/{rel}","templated":true}]}}