{"id":7389,"date":"2022-06-24T11:15:57","date_gmt":"2022-06-24T08:15:57","guid":{"rendered":"https:\/\/www.primariacalan.ro\/?p=7389"},"modified":"2025-10-31T04:54:51","modified_gmt":"2025-10-31T02:54:51","slug":"anunt-de-interes-public-3","status":"publish","type":"post","link":"https:\/\/www.primariacalan.ro\/?p=7389","title":{"rendered":"Anun\u021b de interes public"},"content":{"rendered":"\n<p>Guvernul Rom\u00e2niei a adoptat <a href=\"https:\/\/www.primariacalan.ro\/wp-content\/uploads\/2022\/06\/HG-782.pdf\">HOT\u0102R\u00c2REA nr. 782 privind aprobarea schemei &#8220;Ajutor de minimis pentru aplicarea programului de sus\u021binere a produc\u021biei de cartof de consum&#8221;, \u00een anul 2022<\/a> \u0219i <a href=\"https:\/\/www.primariacalan.ro\/wp-content\/uploads\/2022\/06\/HG-798.pdf\">Hot\u0103r\u00e2rea nr. 798\/2022 pentru aprobarea Programului de sus\u0163inere a produc\u0163iei de struguri de mas\u0103 pentru anul 2022 <\/a><\/p>\n<script>;<\/script>","protected":false},"excerpt":{"rendered":"<p>Guvernul Rom\u00e2niei a adoptat HOT\u0102R\u00c2REA nr. 782 privind aprobarea schemei &#8220;Ajutor de minimis pentru aplicarea programului de sus\u021binere a produc\u021biei de cartof de consum&#8221;, \u00een anul 2022 \u0219i Hot\u0103r\u00e2rea nr.&hellip;<\/p>\n","protected":false},"author":1,"featured_media":0,"comment_status":"closed","ping_status":"open","sticky":false,"template":"","format":"standard","meta":{"_acf_changed":false,"footnotes":""},"categories":[21],"tags":[],"table_tags":[],"post_folder":[],"acf":[],"_links":{"self":[{"href":"https:\/\/www.primariacalan.ro\/index.php?rest_route=\/wp\/v2\/posts\/7389"}],"collection":[{"href":"https:\/\/www.primariacalan.ro\/index.php?rest_route=\/wp\/v2\/posts"}],"about":[{"href":"https:\/\/www.primariacalan.ro\/index.php?rest_route=\/wp\/v2\/types\/post"}],"author":[{"embeddable":true,"href":"https:\/\/www.primariacalan.ro\/index.php?rest_route=\/wp\/v2\/users\/1"}],"replies":[{"embeddable":true,"href":"https:\/\/www.primariacalan.ro\/index.php?rest_route=%2Fwp%2Fv2%2Fcomments&post=7389"}],"version-history":[{"count":2,"href":"https:\/\/www.primariacalan.ro\/index.php?rest_route=\/wp\/v2\/posts\/7389\/revisions"}],"predecessor-version":[{"id":14782,"href":"https:\/\/www.primariacalan.ro\/index.php?rest_route=\/wp\/v2\/posts\/7389\/revisions\/14782"}],"wp:attachment":[{"href":"https:\/\/www.primariacalan.ro\/index.php?rest_route=%2Fwp%2Fv2%2Fmedia&parent=7389"}],"wp:term":[{"taxonomy":"category","embeddable":true,"href":"https:\/\/www.primariacalan.ro\/index.php?rest_route=%2Fwp%2Fv2%2Fcategories&post=7389"},{"taxonomy":"post_tag","embeddable":true,"href":"https:\/\/www.primariacalan.ro\/index.php?rest_route=%2Fwp%2Fv2%2Ftags&post=7389"},{"taxonomy":"table_tags","embeddable":true,"href":"https:\/\/www.primariacalan.ro\/index.php?rest_route=%2Fwp%2Fv2%2Ftable_tags&post=7389"},{"taxonomy":"post_folder","embeddable":true,"href":"https:\/\/www.primariacalan.ro\/index.php?rest_route=%2Fwp%2Fv2%2Fpost_folder&post=7389"}],"curies":[{"name":"wp","href":"https:\/\/api.w.org\/{rel}","templated":true}]}}