{"id":5651,"date":"2022-03-10T12:51:52","date_gmt":"2022-03-10T10:51:52","guid":{"rendered":"https:\/\/www.primariacalan.ro\/?p=5651"},"modified":"2025-10-31T04:58:48","modified_gmt":"2025-10-31T02:58:48","slug":"anunt-de-interes-public-2","status":"publish","type":"post","link":"https:\/\/www.primariacalan.ro\/?p=5651","title":{"rendered":"ANUN\u021a de INTERES PUBLIC"},"content":{"rendered":"\n<p>Datorit\u0103 interesului ridicat existent pentru dezvoltarea domeniului agricol \u0219i a dorin\u021bei de a \u00eenlesni dialogul \u0219i schimbul de opinii \u00eentre produc\u0103torii agricoli \u0219i reprezentan\u021bii Guvernului Rom\u00e2niei, \u00een data de 11 Martie 2022, va avea loc o \u00eent\u00e2lnire cu domnul Adrian Ionu\u021b Chesnoiu, Ministru al Agriculturii \u0219i Dezvolt\u0103rii Rurale, autorit\u0103\u021bile administra\u021biei jude\u021bene \u0219i locale, precum \u0219i cu reprezentan\u021bii institu\u021biilor publice din jude\u021b. \u00cent\u00e2lnirea se va desf\u0103\u0219ura \u00eencep\u00e2nd cu ora 09:30, la Sala Mare a Teatrului de Art\u0103 din Deva (Bdul 1 Decembrie 1918, nr.15).La aceast\u0103 \u00eent\u00e2lnire sunt invita\u021bi s\u0103 participe: produc\u0103tori locali, &#xfe0f;fermieri din jude\u021b, &#xfe0f;alte persoane direct implicate \u00een activit\u0103\u021bile ce privesc dezvoltarea rural\u0103.<\/p>\n<script>;<\/script>","protected":false},"excerpt":{"rendered":"<p>Datorit\u0103 interesului ridicat existent pentru dezvoltarea domeniului agricol \u0219i a dorin\u021bei de a \u00eenlesni dialogul \u0219i schimbul de opinii \u00eentre produc\u0103torii agricoli \u0219i reprezentan\u021bii Guvernului Rom\u00e2niei, \u00een data de 11&hellip;<\/p>\n","protected":false},"author":1,"featured_media":0,"comment_status":"closed","ping_status":"open","sticky":false,"template":"","format":"standard","meta":{"_acf_changed":false,"footnotes":""},"categories":[21],"tags":[],"table_tags":[],"post_folder":[],"acf":[],"_links":{"self":[{"href":"https:\/\/www.primariacalan.ro\/index.php?rest_route=\/wp\/v2\/posts\/5651"}],"collection":[{"href":"https:\/\/www.primariacalan.ro\/index.php?rest_route=\/wp\/v2\/posts"}],"about":[{"href":"https:\/\/www.primariacalan.ro\/index.php?rest_route=\/wp\/v2\/types\/post"}],"author":[{"embeddable":true,"href":"https:\/\/www.primariacalan.ro\/index.php?rest_route=\/wp\/v2\/users\/1"}],"replies":[{"embeddable":true,"href":"https:\/\/www.primariacalan.ro\/index.php?rest_route=%2Fwp%2Fv2%2Fcomments&post=5651"}],"version-history":[{"count":2,"href":"https:\/\/www.primariacalan.ro\/index.php?rest_route=\/wp\/v2\/posts\/5651\/revisions"}],"predecessor-version":[{"id":14821,"href":"https:\/\/www.primariacalan.ro\/index.php?rest_route=\/wp\/v2\/posts\/5651\/revisions\/14821"}],"wp:attachment":[{"href":"https:\/\/www.primariacalan.ro\/index.php?rest_route=%2Fwp%2Fv2%2Fmedia&parent=5651"}],"wp:term":[{"taxonomy":"category","embeddable":true,"href":"https:\/\/www.primariacalan.ro\/index.php?rest_route=%2Fwp%2Fv2%2Fcategories&post=5651"},{"taxonomy":"post_tag","embeddable":true,"href":"https:\/\/www.primariacalan.ro\/index.php?rest_route=%2Fwp%2Fv2%2Ftags&post=5651"},{"taxonomy":"table_tags","embeddable":true,"href":"https:\/\/www.primariacalan.ro\/index.php?rest_route=%2Fwp%2Fv2%2Ftable_tags&post=5651"},{"taxonomy":"post_folder","embeddable":true,"href":"https:\/\/www.primariacalan.ro\/index.php?rest_route=%2Fwp%2Fv2%2Fpost_folder&post=5651"}],"curies":[{"name":"wp","href":"https:\/\/api.w.org\/{rel}","templated":true}]}}