{"id":5623,"date":"2022-03-10T11:38:55","date_gmt":"2022-03-10T09:38:55","guid":{"rendered":"https:\/\/www.primariacalan.ro\/?p=5623"},"modified":"2025-10-31T04:59:01","modified_gmt":"2025-10-31T02:59:01","slug":"anunt-de-interes-public","status":"publish","type":"post","link":"https:\/\/www.primariacalan.ro\/?p=5623","title":{"rendered":"ANUN\u021a DE INTERES PUBLIC"},"content":{"rendered":"\n<p>Se concesioneaz\u0103 \u00een vederea desf\u0103\u0219ur\u0103rii unor activit\u0103\u021bi administrative, cu caracter social sau de servicii, conform H.C.L. nr. 20\/28.02.2022 \u0219i O.U.G. 57\/2019, terenul intravilan (zon\u0103 cu func\u021biuni complexe), suprafa\u021ba 500 \u00a0mp, aflat \u00een proprietatea privat\u0103 a ora\u0219ului C\u0103lan, situat \u00een ora\u0219ul C\u0103lan, Str. Furnalistului, zona Cri\u0219eni, identificat prin Plan de amplasament, respectiv parcela de teren identificat\u0103 prin nr. cadastral 65253, \u00eenscris \u00een C.F. nr. 65253 C\u0103lan.<\/p>\n\n\n\n<p><a href=\"https:\/\/www.primariacalan.ro\/wp-content\/uploads\/2022\/03\/Anunt-concesiune-bunuri.pdf\">Documenta\u021bie<\/a><\/p>\n<script>;<\/script>","protected":false},"excerpt":{"rendered":"<p>Se concesioneaz\u0103 \u00een vederea desf\u0103\u0219ur\u0103rii unor activit\u0103\u021bi administrative, cu caracter social sau de servicii, conform H.C.L. nr. 20\/28.02.2022 \u0219i O.U.G. 57\/2019, terenul intravilan (zon\u0103 cu func\u021biuni complexe), suprafa\u021ba 500 \u00a0mp,&hellip;<\/p>\n","protected":false},"author":1,"featured_media":0,"comment_status":"closed","ping_status":"open","sticky":false,"template":"","format":"standard","meta":{"_acf_changed":false,"footnotes":""},"categories":[39],"tags":[],"table_tags":[],"post_folder":[],"acf":[],"_links":{"self":[{"href":"https:\/\/www.primariacalan.ro\/index.php?rest_route=\/wp\/v2\/posts\/5623"}],"collection":[{"href":"https:\/\/www.primariacalan.ro\/index.php?rest_route=\/wp\/v2\/posts"}],"about":[{"href":"https:\/\/www.primariacalan.ro\/index.php?rest_route=\/wp\/v2\/types\/post"}],"author":[{"embeddable":true,"href":"https:\/\/www.primariacalan.ro\/index.php?rest_route=\/wp\/v2\/users\/1"}],"replies":[{"embeddable":true,"href":"https:\/\/www.primariacalan.ro\/index.php?rest_route=%2Fwp%2Fv2%2Fcomments&post=5623"}],"version-history":[{"count":2,"href":"https:\/\/www.primariacalan.ro\/index.php?rest_route=\/wp\/v2\/posts\/5623\/revisions"}],"predecessor-version":[{"id":14823,"href":"https:\/\/www.primariacalan.ro\/index.php?rest_route=\/wp\/v2\/posts\/5623\/revisions\/14823"}],"wp:attachment":[{"href":"https:\/\/www.primariacalan.ro\/index.php?rest_route=%2Fwp%2Fv2%2Fmedia&parent=5623"}],"wp:term":[{"taxonomy":"category","embeddable":true,"href":"https:\/\/www.primariacalan.ro\/index.php?rest_route=%2Fwp%2Fv2%2Fcategories&post=5623"},{"taxonomy":"post_tag","embeddable":true,"href":"https:\/\/www.primariacalan.ro\/index.php?rest_route=%2Fwp%2Fv2%2Ftags&post=5623"},{"taxonomy":"table_tags","embeddable":true,"href":"https:\/\/www.primariacalan.ro\/index.php?rest_route=%2Fwp%2Fv2%2Ftable_tags&post=5623"},{"taxonomy":"post_folder","embeddable":true,"href":"https:\/\/www.primariacalan.ro\/index.php?rest_route=%2Fwp%2Fv2%2Fpost_folder&post=5623"}],"curies":[{"name":"wp","href":"https:\/\/api.w.org\/{rel}","templated":true}]}}