{"id":15906,"date":"2026-09-02T09:34:43","date_gmt":"2026-09-02T06:34:43","guid":{"rendered":"https:\/\/www.primariacalan.ro\/?p=15906"},"modified":"2026-09-02T09:34:43","modified_gmt":"2026-09-02T06:34:43","slug":"anunt-publicare-plan-parcelar-tarlale-145-146-148-strei-sacel","status":"publish","type":"post","link":"https:\/\/www.primariacalan.ro\/?p=15906","title":{"rendered":"ANUN\u021a PUBLICARE PLAN PARCELAR &#8211; Tarlale &#8211; 145, 146, 148 &#8211; Strei Sacel"},"content":{"rendered":"\n<p class=\"has-text-align-center has-medium-font-size\"><strong>ANUN\u021a<br>privind afi\u0219area public\u0103 a planului parcelar \u015fi a tabelului parcelar<br>Tarlale: 145, 146, 148 &#8211; Strei S\u0103cel<\/strong><br><\/p>\n\n\n\n<p class=\"has-medium-font-size\"><strong>Data de \u00eenceput a afi\u0219\u0103rii: 01.09.2026<br>Data de sf\u00e2r\u0219it a afi\u0219\u0103rii: 30.09.2026<\/strong><\/p>\n\n\n\n<p class=\"has-text-align-left has-medium-font-size\"><br>    <strong>Adresa \u0219i locul afi\u0219\u0103rii publice:<\/strong> Ora\u0219ul C\u0103lan, Str. G\u0103rii, nr. 1 &#8211; sediul Prim\u0103riei Ora\u0219ului C\u0103lan \u0219i pe pagina de internet a autorit\u0103\u0163ii administra\u0163iei publice locale: <a href=\"http:\/\/www.primariacalan.ro\">www.primariacalan.ro<\/a><\/p>\n\n\n\n<p class=\"has-text-align-left has-medium-font-size\"><br><strong>Cererile de rectificare a documentelor planului parcelar<\/strong> vor putea fi depuse la sediul Prim\u0103riei Ora\u0219ului C\u0103lan \u00een zilele lucr\u0103toare, \u00eentre orele 730-1530, sau la adresa de email: primariacalan@yahoo.com. Aceste cereri se formuleaz\u0103 \u00een termen de 30 zile de la data afi\u015f\u0103rii \u015fi vor fi \u00eenso\u0163ite de documente doveditoare.<\/p>\n\n\n\n<p><\/p>\n\n\n\n<p><a href=\"https:\/\/www.primariacalan.ro\/wp-content\/uploads\/2026\/09\/T145-plan-parcelar.pdf\">T145 plan parcelar<\/a> <a href=\"https:\/\/www.primariacalan.ro\/wp-content\/uploads\/2026\/09\/T145-tabel-parcelar.pdf\">T145 tabel parcelar<\/a><\/p>\n\n\n\n<p><a href=\"https:\/\/www.primariacalan.ro\/wp-content\/uploads\/2026\/09\/T146-plan-parcelar.pdf\">T146 plan parcelar<\/a> <a href=\"https:\/\/www.primariacalan.ro\/wp-content\/uploads\/2026\/09\/T146-tabel-parcelar.pdf\">T146 tabel parcelar<\/a><\/p>\n\n\n\n<p><a href=\"https:\/\/www.primariacalan.ro\/wp-content\/uploads\/2026\/09\/T148-plan-parcelar.pdf\">T148 plan parcelar<\/a> <a href=\"https:\/\/www.primariacalan.ro\/wp-content\/uploads\/2026\/09\/T148-tabel-parcelar.pdf\">T148 tabel parcelar<\/a><\/p>\n\n\n\n<p><\/p>\n","protected":false},"excerpt":{"rendered":"<p>ANUN\u021aprivind afi\u0219area public\u0103 a planului parcelar \u015fi a tabelului parcelarTarlale: 145, 146, 148 &#8211; Strei S\u0103cel Data de \u00eenceput a afi\u0219\u0103rii: 01.09.2026Data de sf\u00e2r\u0219it a afi\u0219\u0103rii: 30.09.2026 Adresa \u0219i locul&hellip;<\/p>\n","protected":false},"author":1,"featured_media":0,"comment_status":"closed","ping_status":"open","sticky":false,"template":"","format":"standard","meta":{"_acf_changed":false,"footnotes":""},"categories":[81],"tags":[],"table_tags":[],"post_folder":[],"acf":[],"_links":{"self":[{"href":"https:\/\/www.primariacalan.ro\/index.php?rest_route=\/wp\/v2\/posts\/15906"}],"collection":[{"href":"https:\/\/www.primariacalan.ro\/index.php?rest_route=\/wp\/v2\/posts"}],"about":[{"href":"https:\/\/www.primariacalan.ro\/index.php?rest_route=\/wp\/v2\/types\/post"}],"author":[{"embeddable":true,"href":"https:\/\/www.primariacalan.ro\/index.php?rest_route=\/wp\/v2\/users\/1"}],"replies":[{"embeddable":true,"href":"https:\/\/www.primariacalan.ro\/index.php?rest_route=%2Fwp%2Fv2%2Fcomments&post=15906"}],"version-history":[{"count":3,"href":"https:\/\/www.primariacalan.ro\/index.php?rest_route=\/wp\/v2\/posts\/15906\/revisions"}],"predecessor-version":[{"id":15909,"href":"https:\/\/www.primariacalan.ro\/index.php?rest_route=\/wp\/v2\/posts\/15906\/revisions\/15909"}],"wp:attachment":[{"href":"https:\/\/www.primariacalan.ro\/index.php?rest_route=%2Fwp%2Fv2%2Fmedia&parent=15906"}],"wp:term":[{"taxonomy":"category","embeddable":true,"href":"https:\/\/www.primariacalan.ro\/index.php?rest_route=%2Fwp%2Fv2%2Fcategories&post=15906"},{"taxonomy":"post_tag","embeddable":true,"href":"https:\/\/www.primariacalan.ro\/index.php?rest_route=%2Fwp%2Fv2%2Ftags&post=15906"},{"taxonomy":"table_tags","embeddable":true,"href":"https:\/\/www.primariacalan.ro\/index.php?rest_route=%2Fwp%2Fv2%2Ftable_tags&post=15906"},{"taxonomy":"post_folder","embeddable":true,"href":"https:\/\/www.primariacalan.ro\/index.php?rest_route=%2Fwp%2Fv2%2Fpost_folder&post=15906"}],"curies":[{"name":"wp","href":"https:\/\/api.w.org\/{rel}","templated":true}]}}