{"id":14953,"date":"2025-11-11T10:48:07","date_gmt":"2025-11-11T08:48:07","guid":{"rendered":"https:\/\/www.primariacalan.ro\/?p=14953"},"modified":"2025-11-11T10:48:08","modified_gmt":"2025-11-11T08:48:08","slug":"in-atentia-apicultorilor-din-u-a-t-calan","status":"publish","type":"post","link":"https:\/\/www.primariacalan.ro\/?p=14953","title":{"rendered":"\u00ceN ATEN\u021aIA APICULTORILOR DIN U.A.T. C\u0102LAN"},"content":{"rendered":"\n<p>Av\u00e2nd \u00een vedere prevederile Ordinului Ministrului Agriculturii nr. 251\/2017 pentru aprobarea Sistemului unitar de identificare a stupinelor \u0219i stupilor, reamintim apicultorilor de pe raza UAT C\u0102LAN, obligativitatea de a transmite anual, \u00een perioada 1 septembrie &#8211; 31 decembrie, la ANZ prin OJZ, declara\u021bia pe proprie r\u0103spundere cu num\u0103rul de stupi care con\u021bin familii de albine preg\u0103tite pentru lernat.<\/p>\n\n\n\n<p>Declara\u021bia pe proprie r\u0103spundere al c\u0103rei model \u00eel ata\u0219\u0103m prezentei inform\u0103ri poate fi depus\u0103 de c\u0103tre de\u021bin\u0103torii de familii de albine direct la sediul OJZ din Deva, str. 22 Decembrie nr. 222 sau:<\/p>\n\n\n\n<p>-prin linkul <a href=\"https:\/\/apiculturaanz.madr.ro\/\">https:\/\/apiculturaanz.madr.ro\/<\/a><\/p>\n\n\n\n<p>-prin po\u0219t\u0103, la adresa Oficiul Jude\u021bean de Zootehnie Hunedoara, Bulevardul 22 Decembrie, Nr. 222, DEVA, Jud. HUNEDOARA Cod po\u015ftal: 330162<\/p>\n\n\n\n<p>format electronic, (prin e-mail) la <a href=\"mailto:oarz.hunedoara@anarz.eu\">oarz.hunedoara@anarz.eu<\/a> ca document scanat, cu condi\u021bia asum\u0103rii prin semn\u0103tur\u0103 de c\u0103tre apicultor sau reprezentantul legal al acestuia.<\/p>\n\n\n\n<p>Informatii suplimentare: CIUREA ELENA &#8211; 0785 298 277 &#8211; TRIPON IULIAN &#8211; 0785 298 282<\/p>\n\n\n\n<p><\/p>\n\n\n\n<p class=\"has-text-color has-link-color wp-elements-dc04b134d0207039604466c26d181fd0\" style=\"color:#fb0000\"><a href=\"https:\/\/www.aca.org.ro\/wp-content\/uploads\/2022\/12\/Declaratie-ANZ-stupi-pt-iernat.pdf\">Declaratie-ANZ-stupi-pt-iernat.pdf<\/a><\/p>\n","protected":false},"excerpt":{"rendered":"<p>Av\u00e2nd \u00een vedere prevederile Ordinului Ministrului Agriculturii nr. 251\/2017 pentru aprobarea Sistemului unitar de identificare a stupinelor \u0219i stupilor, reamintim apicultorilor de pe raza UAT C\u0102LAN, obligativitatea de a transmite&hellip;<\/p>\n","protected":false},"author":1,"featured_media":0,"comment_status":"closed","ping_status":"open","sticky":false,"template":"","format":"standard","meta":{"_acf_changed":false,"footnotes":""},"categories":[21],"tags":[],"table_tags":[],"post_folder":[],"acf":[],"_links":{"self":[{"href":"https:\/\/www.primariacalan.ro\/index.php?rest_route=\/wp\/v2\/posts\/14953"}],"collection":[{"href":"https:\/\/www.primariacalan.ro\/index.php?rest_route=\/wp\/v2\/posts"}],"about":[{"href":"https:\/\/www.primariacalan.ro\/index.php?rest_route=\/wp\/v2\/types\/post"}],"author":[{"embeddable":true,"href":"https:\/\/www.primariacalan.ro\/index.php?rest_route=\/wp\/v2\/users\/1"}],"replies":[{"embeddable":true,"href":"https:\/\/www.primariacalan.ro\/index.php?rest_route=%2Fwp%2Fv2%2Fcomments&post=14953"}],"version-history":[{"count":1,"href":"https:\/\/www.primariacalan.ro\/index.php?rest_route=\/wp\/v2\/posts\/14953\/revisions"}],"predecessor-version":[{"id":14954,"href":"https:\/\/www.primariacalan.ro\/index.php?rest_route=\/wp\/v2\/posts\/14953\/revisions\/14954"}],"wp:attachment":[{"href":"https:\/\/www.primariacalan.ro\/index.php?rest_route=%2Fwp%2Fv2%2Fmedia&parent=14953"}],"wp:term":[{"taxonomy":"category","embeddable":true,"href":"https:\/\/www.primariacalan.ro\/index.php?rest_route=%2Fwp%2Fv2%2Fcategories&post=14953"},{"taxonomy":"post_tag","embeddable":true,"href":"https:\/\/www.primariacalan.ro\/index.php?rest_route=%2Fwp%2Fv2%2Ftags&post=14953"},{"taxonomy":"table_tags","embeddable":true,"href":"https:\/\/www.primariacalan.ro\/index.php?rest_route=%2Fwp%2Fv2%2Ftable_tags&post=14953"},{"taxonomy":"post_folder","embeddable":true,"href":"https:\/\/www.primariacalan.ro\/index.php?rest_route=%2Fwp%2Fv2%2Fpost_folder&post=14953"}],"curies":[{"name":"wp","href":"https:\/\/api.w.org\/{rel}","templated":true}]}}