{"id":14880,"date":"2025-11-03T08:57:43","date_gmt":"2025-11-03T06:57:43","guid":{"rendered":"https:\/\/www.primariacalan.ro\/?p=14880"},"modified":"2025-11-03T08:57:44","modified_gmt":"2025-11-03T06:57:44","slug":"campanie-de-colectare-d-e-e-noiembrie-2025","status":"publish","type":"post","link":"https:\/\/www.primariacalan.ro\/?p=14880","title":{"rendered":"CAMPANIE de COLECTARE D.E.E. &#8211; noiembrie 2025"},"content":{"rendered":"\n<p><img decoding=\"async\" height=\"16\" width=\"16\" alt=\"\u203c\" src=\"https:\/\/static.xx.fbcdn.net\/images\/emoji.php\/v9\/t77\/1\/16\/203c.png\"><img decoding=\"async\" height=\"16\" width=\"16\" alt=\"\u203c\" src=\"https:\/\/static.xx.fbcdn.net\/images\/emoji.php\/v9\/t77\/1\/16\/203c.png\"><img decoding=\"async\" height=\"16\" width=\"16\" alt=\"\u203c\" src=\"https:\/\/static.xx.fbcdn.net\/images\/emoji.php\/v9\/t77\/1\/16\/203c.png\"> ASOCIA\u021aIA de Dezvoltare INTERCOMUNITAR\u0102 \u201eSistemul Integrat de Gestionare a De\u0219eurilor Hunedoara\u201d, \u00een parteneriat cu OIREP Eco Positive \u0219i operatorul autorizat de colectare RI Collect Group, organizeaz\u0103, \u00een luna noiembrie 2025, o campanie de colectare a de\u0219eurilor de echipamente electrice \u0219i electronice (DEEE), desf\u0103\u0219urat\u0103 pe raza jude\u021bului Hunedoara.<\/p>\n\n\n\n<p>Campania se adreseaz\u0103 at\u00e2t persoanelor fizice, c\u00e2t \u0219i persoanelor juridice.<\/p>\n\n\n\n<p>Colectarea este gratuit\u0103, de la domiciliu sau de la sediul firmei\/institu\u021biei.<\/p>\n\n\n\n<p>Programarea colect\u0103rii:<\/p>\n\n\n\n<p>Contacta\u021bi operatorul autorizat de colectare RI Collect pentru stabilirea unei date \u0219i ore convenabile de ridicare a DEEE-urilor, la numerele de telefon:<\/p>\n\n\n\n<p>0756 706 707 sau 0762 179 510.<\/p>\n\n\n\n<p>La data stabilit\u0103, prezenta\u021bi echipamentele c\u0103tre operatorul autorizat de colectare RI Collect, conform instruc\u021biunilor primite. <img decoding=\"async\" height=\"16\" width=\"16\" src=\"https:\/\/static.xx.fbcdn.net\/images\/emoji.php\/v9\/tdc\/1\/16\/26a0.png\" alt=\"\u26a0\ufe0f\"> Operatorul va elibera:<\/p>\n\n\n\n<p>&#8211; proces-verbal de colectare pentru cet\u0103\u021beni;<\/p>\n\n\n\n<p>&#8211; documentele necesare scoaterii din gestiune pentru firme \u0219i institu\u021bii.<\/p>\n\n\n\n<p>Exemple de DEEE-uri:<\/p>\n\n\n\n<p>&#8211; DEEE de mari dimensiuni \u2013 orice aparat vechi sau defect care are cea mai lung\u0103 latur\u0103 de minimum 50 cm:<\/p>\n\n\n\n<p>frigidere, ma\u0219ini de sp\u0103lat rufe\/vase, aparate de aer condi\u021bionat, boilere, centrale termice, televizoare, aspiratoare, unelte electrice etc.<\/p>\n\n\n\n<p>&#8211; DEEE de mici dimensiuni \u2013 orice aparat vechi sau defect care are cea mai lung\u0103 latur\u0103 de maximum 50 cm:<\/p>\n\n\n\n<p>aparate de buc\u0103t\u0103rie, de uz casnic, unelte electrice, aparate de \u00eengrijire personal\u0103, echipamente IT etc.<\/p>\n\n\n\n<figure class=\"wp-block-image size-large\"><img fetchpriority=\"high\" decoding=\"async\" width=\"1024\" height=\"638\" src=\"https:\/\/www.primariacalan.ro\/wp-content\/uploads\/2025\/11\/Desen-OpenDocument-nou-1024x638.jpg\" alt=\"\" class=\"wp-image-14881\" srcset=\"https:\/\/www.primariacalan.ro\/wp-content\/uploads\/2025\/11\/Desen-OpenDocument-nou-1024x638.jpg 1024w, https:\/\/www.primariacalan.ro\/wp-content\/uploads\/2025\/11\/Desen-OpenDocument-nou-300x187.jpg 300w, https:\/\/www.primariacalan.ro\/wp-content\/uploads\/2025\/11\/Desen-OpenDocument-nou-100x62.jpg 100w, https:\/\/www.primariacalan.ro\/wp-content\/uploads\/2025\/11\/Desen-OpenDocument-nou-768x479.jpg 768w, https:\/\/www.primariacalan.ro\/wp-content\/uploads\/2025\/11\/Desen-OpenDocument-nou-140x87.jpg 140w, https:\/\/www.primariacalan.ro\/wp-content\/uploads\/2025\/11\/Desen-OpenDocument-nou.jpg 1078w\" sizes=\"(max-width: 1024px) 100vw, 1024px\" \/><\/figure>\n","protected":false},"excerpt":{"rendered":"<p>ASOCIA\u021aIA de Dezvoltare INTERCOMUNITAR\u0102 \u201eSistemul Integrat de Gestionare a De\u0219eurilor Hunedoara\u201d, \u00een parteneriat cu OIREP Eco Positive \u0219i operatorul autorizat de colectare RI Collect Group, organizeaz\u0103, \u00een luna noiembrie 2025,&hellip;<\/p>\n","protected":false},"author":1,"featured_media":0,"comment_status":"closed","ping_status":"open","sticky":false,"template":"","format":"standard","meta":{"_acf_changed":false,"footnotes":""},"categories":[80],"tags":[],"table_tags":[],"post_folder":[],"acf":[],"_links":{"self":[{"href":"https:\/\/www.primariacalan.ro\/index.php?rest_route=\/wp\/v2\/posts\/14880"}],"collection":[{"href":"https:\/\/www.primariacalan.ro\/index.php?rest_route=\/wp\/v2\/posts"}],"about":[{"href":"https:\/\/www.primariacalan.ro\/index.php?rest_route=\/wp\/v2\/types\/post"}],"author":[{"embeddable":true,"href":"https:\/\/www.primariacalan.ro\/index.php?rest_route=\/wp\/v2\/users\/1"}],"replies":[{"embeddable":true,"href":"https:\/\/www.primariacalan.ro\/index.php?rest_route=%2Fwp%2Fv2%2Fcomments&post=14880"}],"version-history":[{"count":1,"href":"https:\/\/www.primariacalan.ro\/index.php?rest_route=\/wp\/v2\/posts\/14880\/revisions"}],"predecessor-version":[{"id":14886,"href":"https:\/\/www.primariacalan.ro\/index.php?rest_route=\/wp\/v2\/posts\/14880\/revisions\/14886"}],"wp:attachment":[{"href":"https:\/\/www.primariacalan.ro\/index.php?rest_route=%2Fwp%2Fv2%2Fmedia&parent=14880"}],"wp:term":[{"taxonomy":"category","embeddable":true,"href":"https:\/\/www.primariacalan.ro\/index.php?rest_route=%2Fwp%2Fv2%2Fcategories&post=14880"},{"taxonomy":"post_tag","embeddable":true,"href":"https:\/\/www.primariacalan.ro\/index.php?rest_route=%2Fwp%2Fv2%2Ftags&post=14880"},{"taxonomy":"table_tags","embeddable":true,"href":"https:\/\/www.primariacalan.ro\/index.php?rest_route=%2Fwp%2Fv2%2Ftable_tags&post=14880"},{"taxonomy":"post_folder","embeddable":true,"href":"https:\/\/www.primariacalan.ro\/index.php?rest_route=%2Fwp%2Fv2%2Fpost_folder&post=14880"}],"curies":[{"name":"wp","href":"https:\/\/api.w.org\/{rel}","templated":true}]}}