{"id":12925,"date":"2025-03-10T11:21:47","date_gmt":"2025-03-10T09:21:47","guid":{"rendered":"https:\/\/www.primariacalan.ro\/?p=12925"},"modified":"2025-10-31T04:12:10","modified_gmt":"2025-10-31T02:12:10","slug":"comunicat-proiecte-implementate-prin-poad-2014-2020","status":"publish","type":"post","link":"https:\/\/www.primariacalan.ro\/?p=12925","title":{"rendered":"COMUNICAT &#8211; Proiecte implementate prin POAD 2014-2020"},"content":{"rendered":"\n<p>Ministerul Investi\u0163iilor \u015fi Proiectelor Europene, prin Direc\u0163ia de Implementare M\u0103suri Sociale a fost beneficiarul proiectelor :<\/p>\n\n\n\n<p class=\"has-text-color has-link-color wp-elements-8ed08166742d6ecb89e869d5b71d1f9c\" style=\"color:#fe0101\"><a href=\"https:\/\/www.primariacalan.ro\/wp-content\/uploads\/2025\/03\/Proiect-ACORDAREA-DE-TRUSOURI-PENTRU-NOU-NASCUTI-156834.pdf\">&#8220;Acordarea de trusouri pentru nou-nascu\u0163i&#8221;, cod MySMIS 156834,<\/a><\/p>\n\n\n\n<p class=\"has-text-color has-link-color wp-elements-1f8d2fba4540ab66b8c0c57a75d712bd\" style=\"color:#fd0000\"><a href=\"https:\/\/www.primariacalan.ro\/wp-content\/uploads\/2025\/03\/Proiect-ACORDAREA-DE-PACHETE-CU-AJUTOARE-ALIMENTARE-IN-CADRUL-POAD-2018\u20132021-125099.pdf\"> \u201eAcordarea de pachete cu ajutoare alimentare \u00een cadrul POAD 2018-2021&#8243;, cod MySMIS 125099<\/a><\/p>\n\n\n\n<p class=\"has-text-color has-link-color wp-elements-d44110bfcf3825c5e610e29db6d937a7\" style=\"color:#fe0000\"><a href=\"https:\/\/www.primariacalan.ro\/wp-content\/uploads\/2025\/03\/Proiect-ACORDAREA-DE-PACHETE-CU-PRODUSE-DE-IGIENA-IN-CADRUL-POAD-2018-2020-125284.pdf\">&#8220;Acordarea de pachete cu produse de igiena \u00een cadrul POAD 2018 &#8211; 2020&#8221;, cod MySMIS 125284, <\/a><\/p>\n\n\n\n<p>toate finan\u0163ate prin Programul Opera\u0163ional Ajutorarea Persoanelor Defavorizate 2014-2020 (POAD) din Fondul de ajutor european destinat celor mai defavorizate persoane. UAT C\u0103lan a avut calitatea de partener la nivel local al programului a c\u0103rui perioad\u0103 de implementare a  a fost finalizat\u0103, \u00een prezent proiectele afl\u00e2ndu-se in perioada de durabilitate. Am\u0103nuntele privitoare la Program pot fi consultate pe link-urile de mai sus.<\/p>\n<script>;<\/script>","protected":false},"excerpt":{"rendered":"<p>Ministerul Investi\u0163iilor \u015fi Proiectelor Europene, prin Direc\u0163ia de Implementare M\u0103suri Sociale a fost beneficiarul proiectelor : &#8220;Acordarea de trusouri pentru nou-nascu\u0163i&#8221;, cod MySMIS 156834, \u201eAcordarea de pachete cu ajutoare alimentare&hellip;<\/p>\n","protected":false},"author":1,"featured_media":0,"comment_status":"closed","ping_status":"open","sticky":false,"template":"","format":"standard","meta":{"_acf_changed":false,"footnotes":""},"categories":[28],"tags":[],"table_tags":[],"post_folder":[],"acf":[],"_links":{"self":[{"href":"https:\/\/www.primariacalan.ro\/index.php?rest_route=\/wp\/v2\/posts\/12925"}],"collection":[{"href":"https:\/\/www.primariacalan.ro\/index.php?rest_route=\/wp\/v2\/posts"}],"about":[{"href":"https:\/\/www.primariacalan.ro\/index.php?rest_route=\/wp\/v2\/types\/post"}],"author":[{"embeddable":true,"href":"https:\/\/www.primariacalan.ro\/index.php?rest_route=\/wp\/v2\/users\/1"}],"replies":[{"embeddable":true,"href":"https:\/\/www.primariacalan.ro\/index.php?rest_route=%2Fwp%2Fv2%2Fcomments&post=12925"}],"version-history":[{"count":2,"href":"https:\/\/www.primariacalan.ro\/index.php?rest_route=\/wp\/v2\/posts\/12925\/revisions"}],"predecessor-version":[{"id":14464,"href":"https:\/\/www.primariacalan.ro\/index.php?rest_route=\/wp\/v2\/posts\/12925\/revisions\/14464"}],"wp:attachment":[{"href":"https:\/\/www.primariacalan.ro\/index.php?rest_route=%2Fwp%2Fv2%2Fmedia&parent=12925"}],"wp:term":[{"taxonomy":"category","embeddable":true,"href":"https:\/\/www.primariacalan.ro\/index.php?rest_route=%2Fwp%2Fv2%2Fcategories&post=12925"},{"taxonomy":"post_tag","embeddable":true,"href":"https:\/\/www.primariacalan.ro\/index.php?rest_route=%2Fwp%2Fv2%2Ftags&post=12925"},{"taxonomy":"table_tags","embeddable":true,"href":"https:\/\/www.primariacalan.ro\/index.php?rest_route=%2Fwp%2Fv2%2Ftable_tags&post=12925"},{"taxonomy":"post_folder","embeddable":true,"href":"https:\/\/www.primariacalan.ro\/index.php?rest_route=%2Fwp%2Fv2%2Fpost_folder&post=12925"}],"curies":[{"name":"wp","href":"https:\/\/api.w.org\/{rel}","templated":true}]}}