{"id":11265,"date":"2024-10-14T10:27:38","date_gmt":"2024-10-14T07:27:38","guid":{"rendered":"https:\/\/www.primariacalan.ro\/?p=11265"},"modified":"2025-10-31T04:27:27","modified_gmt":"2025-10-31T02:27:27","slug":"anunt-privind-acordarea-ajutorul-de-incalzire-pentru-sezonul-rece-2024-2025","status":"publish","type":"post","link":"https:\/\/www.primariacalan.ro\/?p=11265","title":{"rendered":"ANUN\u021a privind acordarea ajutorul de \u00eenc\u0103lzire pentru sezonul rece 2024-2025"},"content":{"rendered":"\n<p class=\"has-text-color has-link-color wp-elements-8a1ba7fba0babf7cfd493125b17942e3\" style=\"color:#fe0000\"><a href=\"https:\/\/www.primariacalan.ro\/wp-content\/uploads\/2024\/10\/ANUNT-privind-acordarea-ajutorului-de-incalzire-pentru-sezonul-rece-2024-2025.pdf\"><strong>ANUNT-privind-acordarea-ajutorului-de-incalzire-pentru-sezonul-rece-2024-2025.pdf<\/strong><\/a><\/p>\n\n\n\n<p class=\"has-text-color has-link-color wp-elements-3b00eea141f302779b3fdb3ddd4153f7\" style=\"color:#fe0000\"><strong><a href=\"https:\/\/www.primariacalan.ro\/wp-content\/uploads\/2024\/10\/Cerere-tip-pentru-solicitarea-ajutorului-de-incalzire-si-a-suplimentului-pentru-energie.pdf\">Cerere-tip-pentru-solicitarea-ajutorului-de-incalzire-si-a-suplimentului-pentru-energie.pdf<\/a> editabil<\/strong><\/p>\n\n\n\n<p>\u00cencep\u00e2nd cu data de 15 octombrie 2024, Direc\u0163ia de Asisten\u0163\u0103 Social\u0103 C\u0103lan informeaz\u0103 cet\u0103\u0163enii ora\u0219ului C\u0103lan c\u0103 pot depune cererile pentru acordarea ajutorului de \u00eenc\u0103lzire \u0219i a suplimentului pentru energie pentru sezonul rece 2024- 2025.<\/p>\n\n\n\n<p>Ajutoarele pentru \u00eenc\u0103lzirea locuin\u021bei pot fi solicitate pentru perioada noiembrie 2024 &#8211; martie 2025, iar suplimentele pentru energie pentru perioada noiembrie 2024 &#8211; octombrie 2025.<\/p>\n\n\n\n<p>Ajutoarele pentru \u00eenc\u0103lzirea locuin\u0163ei \u0219i suplimentele pentru energie se acord\u0103 pe baz\u0103 de cerere \u00eenso\u0163it\u0103 de actele doveditoare privind componen\u0163a familiei, veniturile acesteia \u0219i sistemul de \u00eenc\u0103lzire utilizat.<\/p>\n\n\n\n<p>La completarea cererii, titularul are obliga\u0163ia de a men\u0163iona corect componen\u0163a familiei, veniturile membrilor acesteia, precum \u015fi bunurile mobile \u015fi imobile de\u0163inute.<\/p>\n\n\n\n<p>Venitul mediu net lunar p\u00e2n\u0103 la care se acord\u0103 ajutorul pentru \u00eenc\u0103lzirea locuin\u021bei \u0219i suplimentul pentru energie este de <strong>1386 lei\/persoan\u0103, \u00een cazul familiei \u0219i de 2053 lei, \u00een cazul persoanei singure.<\/strong><\/p>\n\n\n\n<p><strong>Titularul <\/strong>ajutorului pentru \u00eenc\u0103lzirea locuin\u0163ei \u0219i\/sau a suplimentului pentru energie este reprezentantul familiei sau, dup\u0103 caz, persoana singur\u0103 care \u00eendepline\u015fte condi\u0163iile legale de acordare a ajutorului, care solicit\u0103 acordarea acestuia \u015fi care poate fi dup\u0103 caz: proprietarul locuin\u0163ei, succesorul de drept al acestuia, persoana care a \u00eenstr\u0103inat locuin\u021ba \u00een baza unui contract de v\u00e2nzare-cump\u0103rare cu clauz\u0103 de \u00eentre\u0163inere sau cu drept de habita\u021bie, titularul contractului de \u00eenchiriere, comodat, concesiune al acestuia ori alt membru de familie major \u015fi \u00eemputernicit de proprietarul locuin\u0163ei sau de titularul contractului de \u00eenchiriere ori, dup\u0103 caz, reprezentantul legal al persoanei singure care nu a \u00eemplinit v\u00e2rsta de 16 ani.<\/p>\n\n\n\n<p>Cererile\u2013declara\u021bie pe propria r\u0103spundere, \u00eenso\u0163ite de documentele justificative se depun la sediul Primariei ora\u015fului C\u0103lan, str.G\u0103rii nr.1 p\u00e2n\u0103 la data de 20 noiembrie 2024, pentru stabilirea ajutorului \u00eencepand cu luna noiembrie 2024.<\/p>\n\n\n\n<p> Formularul de cerere &#8211; declara\u021bie pe propria r\u0103spundere pentru acordarea unor drepturi de asisten\u021b\u0103 social\u0103 se poate desc\u0103rca de pe site-ul primariei ora\u0219ului Calan : https:\/\/<a href=\"https:\/\/www.primariacalan.ro\/\">www.primariacalan.ro<\/a> sau se ridic\u0103 de la sediul prim\u0103riei ora\u0219ului C\u0103lan.<br><br><strong>Documentele necesare<\/strong> acord\u0103rii ajutorului de \u00eenc\u0103lzire \u0219i a suplimentului pentru energie sunt urm\u0103toarele:<\/p>\n\n\n\n<ol>\n<li>Cererea &#8211; declara\u021bie pe propria r\u0103spundere pentru acordarea unor drepturi de asisten\u021b\u0103 social\u0103;<\/li>\n\n\n\n<li><strong>Copie dup\u0103 actele de identitate<\/strong> pentru to\u0163i membrii familiei care au acela\u015fi domiciliu sau re\u015fedin\u0163\u0103 la adresa la care se solicit\u0103 ajutorul, sau locuiesc \u015fi se gospod\u0103resc \u00eempreun\u0103, sunt \u00eenscrise \u00een carte de imobil \u015fi sunt luate \u00een calcul la stabilirea cheltuielilor de \u00eentre\u0163inere a locuin\u0163ei;<\/li>\n\n\n\n<li>Copie a unei facturi de furnizare a energiei electrice \u0219i a gazelor naturale (toate paginile pentru identificarea cod client, cod loc consum, POD);<\/li>\n\n\n\n<li>Copie dup\u0103 documentul care atest\u0103 calitatea \u00een care de\u021bine locuin\u021ba : (ex.<strong>proprietar<\/strong>: contract de v\u00e2nzare \u2013 cump\u0103rare, extras de carte funciar\u0103; <strong>chiria\u0219: c<\/strong>ontract de \u00eenchiriere valabil la data depunerii; uzufructarul: contract de \u00eentre\u021binere cu drept de uzufruct viager; comodatarul: contract de comodat; concesionarul: contract de concesiune,<\/li>\n\n\n\n<li>\u00cemputernicire din partea proprietarului locuin\u0163ei (pentru <strong>membrii majori ai familiei<\/strong> cand proprietarul nu locuieste la aceasta adresa sau e plecat in strainatate ) sau a titularului contractului de \u00eenchiriere;<\/li>\n\n\n\n<li><strong>Acte doveditoare privind veniturile nete lunare realizate de c\u0103tre membrii familiei \u00een <\/strong><strong>luna anterioar\u0103 depunerii cererii pentru persoanele care realizeaz\u0103 venituri salariale .<\/strong><\/li>\n<\/ol>\n\n\n\n<p><strong>Men\u021bion\u0103m c\u0103 pensionarii vor prezenta cuponul aferent lunii august 2024 \u00een conformitate cu prevederile OUG nr.105\/2024, m\u0103sura se aplic\u0103 pe toat\u0103 perioada cuprins\u0103 \u00eentre 01.09.2024-15.10.2025<\/strong><\/p>\n\n\n\n<ol start=\"7\">\n<li>Declara\u021bie privind venitul \u00eencasat din subventii APIA<\/li>\n\n\n\n<li>Declara\u021bie tip vizat\u0103 de Comp. Taxe \u015fi Impozite privind bunurile imobile (cl\u0103diri, spa\u0163ii locative, terenuri); bunuri mobile (autoturisme- se prezint\u0103 \u0219i copie talon) .<\/li>\n\n\n\n<li>Pentru cine solicit\u0103 ajutorul de \u00eenc\u0103lzire pe adresa de re\u0219edin\u021b\u0103 se solicit\u0103 <strong>nega\u021bie <\/strong>de la localitatea de domiciliul stabil c\u0103 nu a solicitat ajutor de \u00eenc\u0103lzire \u0219i certificat fiscal privind bunurile mobile \u0219i imobile de\u021binute la adresa de domiciliu.<\/li>\n\n\n\n<li>Alte documente dup\u0103 caz.<\/li>\n<\/ol>\n\n\n\n<p><em><u><strong>Aten\u021bie<\/strong><\/u><\/em><em><strong>:<\/strong><\/em> Familiile si persoanele singure care au in proprietate cel putin unul dintre bunurile cuprinse \u00een Anexa nr. 4 <em>la HG nr.1154_2022 <\/em><em><u>nu beneficiaz\u0103 de ajutor pentru incalzirea locuintei sau supliment pentru energie.<\/u><\/em><\/p>\n\n\n\n<p><a><\/a> <strong>LISTA<\/strong><strong><br><\/strong><strong>bunurilor ce conduc la excluderea acord\u0103rii ajutorului de \u00eenc\u0103lzire<\/strong><\/p>\n\n\n\n<p><a><\/a> <strong>A.&nbsp;<\/strong><strong>Bunuri imobile<\/strong><\/p>\n\n\n\n<p><a><\/a> Cl\u0103diri, alte spa\u021bii locative \u00een afara locuin\u021bei de domiciliu, precum \u0219i terenuri situate \u00een intravilan cu suprafa\u021ba de peste 1.200 mp \u00een zona urban\u0103 \u0219i 2.500 mp \u00een zona rural\u0103, \u00een afara terenurilor de \u00eemprejmuire a locuin\u021bei \u0219i a cur\u021bii aferente<\/p>\n\n\n\n<p><a><\/a> <strong>B.&nbsp;<\/strong><strong>Bunuri mobile<\/strong><\/p>\n\n\n\n<p><a><\/a> 1.<strong>&nbsp;<\/strong>Mai mult de un vehicul cu o vechime mai mare de 10 ani, cu drept de circula\u021bie pe drumurile publice<\/p>\n\n\n\n<p><a><\/a> 2.<strong>&nbsp;<\/strong>Autovehicul cu drept de circula\u021bie pe drumurile publice cu o vechime mai mic\u0103 de 10 ani, cu excep\u021bia celor utilizate \u0219i\/sau adaptate pentru transportul persoanelor cu dizabilit\u0103\u021bi<\/p>\n\n\n\n<p><a><\/a> 3.<strong>&nbsp;<\/strong>\u0218alupe, b\u0103rci cu motor, iahturi sau alte tipuri de ambarca\u021biuni, cu excep\u021bia celor necesare pentru transport \u00een cazul persoanelor care locuiesc \u00een aria Rezerva\u021biei Biosferei \u201eDelta Dun\u0103rii\u201c<\/p>\n\n\n\n<p><a><\/a> <em>NOT\u0102:<\/em><\/p>\n\n\n\n<p><a><\/a> <em>\u00cen situa\u021bia \u00een care unul sau mai multe bunuri aflate \u00een proprietatea persoanei singure\/familiei beneficiare de venit minim de incluziune este dat \u00een \u00eenchiriere \/arend\u0103 \/ concesiune, acest bun va fi luat \u00een calcul pentru persoana\/familia care \u00eel are \u00een \u00eenchiriere \/ arend\u0103\/concesiune, iar pentru proprietarul de drept se va lua \u00een calcul valoarea ob\u021binut\u0103 \u00een urma ced\u0103rii dreptului de folosin\u021b\u0103 a bunului.<\/em><\/p>\n\n\n\n<p><a><\/a> <em>Persoana sau familia care de\u021bine pe l\u00e2ng\u0103 locuin\u021ba de domiciliu o cot\u0103-parte dintr-o alt\u0103 cl\u0103dire\/spa\u021biu locativ\/imobil poate beneficia de venit minim de incluziune indiferent de m\u0103rimea cotei, dac\u0103 prin aceast\u0103 posesiune nu poate valorifica bunul respectiv.<\/em><\/p>\n\n\n\n<p><a><\/a> <strong>C.&nbsp;<\/strong><strong>Depozite bancare<\/strong><\/p>\n\n\n\n<p>Cel pu\u021bin unul dintre membrii familiei de\u021bine, \u00een calitate de titular, unul sau mai multe conturi\/ depozite bancare, a c\u0103ror sum\u0103 total\u0103 este mai mare de 3 ori fa\u021b\u0103 de valoarea c\u00e2\u0219tigului salarial mediu brut prev\u0103zut de Legea asigur\u0103rilor sociale de stat<\/p>\n\n\n\n<figure class=\"wp-block-image size-large\"><img fetchpriority=\"high\" decoding=\"async\" width=\"1024\" height=\"791\" src=\"https:\/\/www.primariacalan.ro\/wp-content\/uploads\/2024\/10\/Limite-incalzire-01.11.-2024-31.03.2025-1024x791.jpg\" alt=\"\" class=\"wp-image-11264\" srcset=\"https:\/\/www.primariacalan.ro\/wp-content\/uploads\/2024\/10\/Limite-incalzire-01.11.-2024-31.03.2025-1024x791.jpg 1024w, https:\/\/www.primariacalan.ro\/wp-content\/uploads\/2024\/10\/Limite-incalzire-01.11.-2024-31.03.2025-300x232.jpg 300w, https:\/\/www.primariacalan.ro\/wp-content\/uploads\/2024\/10\/Limite-incalzire-01.11.-2024-31.03.2025-100x77.jpg 100w, https:\/\/www.primariacalan.ro\/wp-content\/uploads\/2024\/10\/Limite-incalzire-01.11.-2024-31.03.2025-768x594.jpg 768w, https:\/\/www.primariacalan.ro\/wp-content\/uploads\/2024\/10\/Limite-incalzire-01.11.-2024-31.03.2025-140x108.jpg 140w, https:\/\/www.primariacalan.ro\/wp-content\/uploads\/2024\/10\/Limite-incalzire-01.11.-2024-31.03.2025.jpg 1057w\" sizes=\"(max-width: 1024px) 100vw, 1024px\" \/><\/figure>\n<script>;<\/script>","protected":false},"excerpt":{"rendered":"<p>ANUNT-privind-acordarea-ajutorului-de-incalzire-pentru-sezonul-rece-2024-2025.pdf Cerere-tip-pentru-solicitarea-ajutorului-de-incalzire-si-a-suplimentului-pentru-energie.pdf editabil \u00cencep\u00e2nd cu data de 15 octombrie 2024, Direc\u0163ia de Asisten\u0163\u0103 Social\u0103 C\u0103lan informeaz\u0103 cet\u0103\u0163enii ora\u0219ului C\u0103lan c\u0103 pot depune cererile pentru acordarea ajutorului de \u00eenc\u0103lzire \u0219i a&hellip;<\/p>\n","protected":false},"author":1,"featured_media":0,"comment_status":"closed","ping_status":"open","sticky":false,"template":"","format":"standard","meta":{"_acf_changed":false,"footnotes":""},"categories":[28],"tags":[],"table_tags":[],"post_folder":[],"acf":[],"_links":{"self":[{"href":"https:\/\/www.primariacalan.ro\/index.php?rest_route=\/wp\/v2\/posts\/11265"}],"collection":[{"href":"https:\/\/www.primariacalan.ro\/index.php?rest_route=\/wp\/v2\/posts"}],"about":[{"href":"https:\/\/www.primariacalan.ro\/index.php?rest_route=\/wp\/v2\/types\/post"}],"author":[{"embeddable":true,"href":"https:\/\/www.primariacalan.ro\/index.php?rest_route=\/wp\/v2\/users\/1"}],"replies":[{"embeddable":true,"href":"https:\/\/www.primariacalan.ro\/index.php?rest_route=%2Fwp%2Fv2%2Fcomments&post=11265"}],"version-history":[{"count":2,"href":"https:\/\/www.primariacalan.ro\/index.php?rest_route=\/wp\/v2\/posts\/11265\/revisions"}],"predecessor-version":[{"id":14513,"href":"https:\/\/www.primariacalan.ro\/index.php?rest_route=\/wp\/v2\/posts\/11265\/revisions\/14513"}],"wp:attachment":[{"href":"https:\/\/www.primariacalan.ro\/index.php?rest_route=%2Fwp%2Fv2%2Fmedia&parent=11265"}],"wp:term":[{"taxonomy":"category","embeddable":true,"href":"https:\/\/www.primariacalan.ro\/index.php?rest_route=%2Fwp%2Fv2%2Fcategories&post=11265"},{"taxonomy":"post_tag","embeddable":true,"href":"https:\/\/www.primariacalan.ro\/index.php?rest_route=%2Fwp%2Fv2%2Ftags&post=11265"},{"taxonomy":"table_tags","embeddable":true,"href":"https:\/\/www.primariacalan.ro\/index.php?rest_route=%2Fwp%2Fv2%2Ftable_tags&post=11265"},{"taxonomy":"post_folder","embeddable":true,"href":"https:\/\/www.primariacalan.ro\/index.php?rest_route=%2Fwp%2Fv2%2Fpost_folder&post=11265"}],"curies":[{"name":"wp","href":"https:\/\/api.w.org\/{rel}","templated":true}]}}