{"id":11061,"date":"2024-07-30T14:11:45","date_gmt":"2024-07-30T11:11:45","guid":{"rendered":"https:\/\/www.primariacalan.ro\/?p=11061"},"modified":"2025-10-31T04:29:28","modified_gmt":"2025-10-31T02:29:28","slug":"anunt-depunerea-dosarelor-cu-documentele-necesare-pentru-scutirea-de-la-plata-taxei-de-reabilitare-termica-blocurile-nr-1-si-nr-4-strada-ovid-densusianu","status":"publish","type":"post","link":"https:\/\/www.primariacalan.ro\/?p=11061","title":{"rendered":"ANUN\u021a \u2013 DEPUNEREA DOSARELOR CU DOCUMENTELE NECESARE PENTRU SCUTIREA DE LA PLATA TAXEI DE REABILITARE TERMIC\u0102 &#8211; Blocurile nr.1 \u0219i nr.4 strada Ovid Densusianu"},"content":{"rendered":"\n<p>Prim\u0103ria Ora\u0219ului C\u0103lan a finalizat reabilitarea celor dou\u0103 blocuri de locuin\u021be prin Programul Operational Regional 2014-2020 . Sumele datorate pentru reabilitarea termic\u0103 sunt :<\/p>\n\n\n\n<ul>\n<li class=\"has-medium-font-size\">\u00cen procent de 100% din totalul cheltuielilor eligibile \u0219i neeligibile pentru<\/li>\n<\/ul>\n\n\n\n<p>&#8211; apartamentele cu destina\u0163ie locuin\u0163\u0103 (inclusiv apartamentelor declarate la ONRC ca sedii sociale de firm\u0103, care nu desf\u0103\u015foar\u0103 activitate economic\u0103, cu destina\u0163ie locuin\u0163\u0103), aflate \u00een proprietatea persoanelor juridice a Ora\u0219ului C\u0103lan sau a autorit\u0103\u0163ilor \u015fi institu\u0163iilor publice;<\/p>\n\n\n\n<p>&#8211; apartamentele cu destina\u021bii spa\u021bii comerciale sau spa\u021bii cu alt\u0103 destina\u021bie dec\u00e2t cea de locuin\u021b\u0103, aflate \u00een proprietatea persoanelor fizice, a persoanelor juridice a solicitantului sau a autorit\u0103\u021bilor \u0219i institu\u021biilor publice;<\/p>\n\n\n\n<ul>\n<li class=\"has-medium-font-size\">2. \u00cen procent de 25% din totalul cheltuielilor eligibile \u0219i neeligibile, pentru apartamentele cu destina\u021bia locuin\u021b\u0103 (inclusiv apartamentele declarate la ONRC ca sedii sociale de firm\u0103 care nu desf\u0103\u0219oar\u0103 activitate economic\u0103 cu destina\u021bie locuin\u021b\u0103) aflate \u00een proprietatea persoanelor fizice.<\/li>\n<\/ul>\n\n\n\n<p>Prin Hot\u0103r\u00e2rea Consiliul Local C\u0103lan nr. 57\/2022 s-a aprobat regulamentul privind mecanismul de recuperare prin taxa de reabilitare termic\u0103 a sumelor avansate de UAT Ora\u0219ul C\u0103lan pentru asigurarea contribu\u021biei proprii a asocia\u021biilor de proprietari\/proprietarilor la blocurile de locuin\u021be incluse \u00een Programul Opera\u021bional Regional 2014-2020, conform c\u0103ruia cheltuielile de natur\u0103 social <strong>nu se recuperez\u0103 <\/strong>de la urm\u0103toarele categorii de proprietari, persoane fizice:<\/p>\n\n\n\n<ul>\n<li class=\"has-medium-font-size\">persoane cu handicap sau familii cu persoane cu handicap aflate \u00een \u00eentre\u021binere;<\/li>\n\n\n\n<li class=\"has-medium-font-size\">persoane singure\/familii care, \u00een ultimele 3 luni anterioare efectu\u0103rii anchetei sociale de c\u0103tre autoritatea administra\u021biei publice locale, au realizat venituri medii nete lunare pe persoan\u0103 singur\u0103\/membru de familie sub c\u00e2\u0219tigul salarial mediu net pe economie;<\/li>\n\n\n\n<li class=\"has-medium-font-size\">veteran de r\u0103zboi \u0219i so\u021bi\/so\u021bii supravie\u021buitori\/supravie\u021buitoare ai\/ale acestora;<\/li>\n\n\n\n<li class=\"has-medium-font-size\">pensionari, indifferent de statutul acestora, ale c\u0103ror venituri medii nete lunare pe persoan\u0103 singur\u0103\/membru de familie sunt sub c\u00e2\u0219tigul salarial mediu net pe economie. (5118 lei venit net \/membru al familiei)**.<\/li>\n<\/ul>\n\n\n\n<p class=\"has-text-color has-link-color wp-elements-89203803821084729ad0c6d13a93125b\" style=\"color:#fb0000\"><strong>Am\u0103nunte aici<\/strong>: <a href=\"https:\/\/www.primariacalan.ro\/wp-content\/uploads\/2024\/07\/Anunt-bl.-1-Densusianu.pdf\">Anunt-bl.-1-Densusianu.pdf<\/a> \u0219i aici: <a href=\"https:\/\/www.primariacalan.ro\/wp-content\/uploads\/2024\/07\/Anunt-bl.-4-Densusianu.pdf\">Anunt-bl.-4-Densusianu.pdf<\/a><\/p>\n\n\n\n<p class=\"has-text-color has-link-color wp-elements-d867e3776108e954876c362e8395ae05\" style=\"color:#f20202\">Persoanele care se \u00eencadreaz\u0103 \u00een condi\u021biile specificate \u00een documentele ata\u0219ate mai sus \u0219i depun la Prim\u0103ria C\u0103lan actele men\u021bionate \u00een perioada 29.07.2024-26.09.2024 (<strong>60 zile de la finalizarea procedurii de repartizare a sumelor pe apartament)<\/strong>, <strong>beneficiaz\u0103 de scutirea platei taxei de reabilitare.<\/strong><\/p>\n\n\n\n<p>Pentru alte rela\u0163ii, v\u0103 puteti adresa la Prim\u0103ria C\u0103lan, telefon 0254\/730.223, interior 5.<\/p>\n<script>;<\/script>","protected":false},"excerpt":{"rendered":"<p>Prim\u0103ria Ora\u0219ului C\u0103lan a finalizat reabilitarea celor dou\u0103 blocuri de locuin\u021be prin Programul Operational Regional 2014-2020 . Sumele datorate pentru reabilitarea termic\u0103 sunt : &#8211; apartamentele cu destina\u0163ie locuin\u0163\u0103 (inclusiv&hellip;<\/p>\n","protected":false},"author":1,"featured_media":0,"comment_status":"closed","ping_status":"open","sticky":false,"template":"","format":"standard","meta":{"_acf_changed":false,"footnotes":""},"categories":[39],"tags":[],"table_tags":[],"post_folder":[],"acf":[],"_links":{"self":[{"href":"https:\/\/www.primariacalan.ro\/index.php?rest_route=\/wp\/v2\/posts\/11061"}],"collection":[{"href":"https:\/\/www.primariacalan.ro\/index.php?rest_route=\/wp\/v2\/posts"}],"about":[{"href":"https:\/\/www.primariacalan.ro\/index.php?rest_route=\/wp\/v2\/types\/post"}],"author":[{"embeddable":true,"href":"https:\/\/www.primariacalan.ro\/index.php?rest_route=\/wp\/v2\/users\/1"}],"replies":[{"embeddable":true,"href":"https:\/\/www.primariacalan.ro\/index.php?rest_route=%2Fwp%2Fv2%2Fcomments&post=11061"}],"version-history":[{"count":5,"href":"https:\/\/www.primariacalan.ro\/index.php?rest_route=\/wp\/v2\/posts\/11061\/revisions"}],"predecessor-version":[{"id":14533,"href":"https:\/\/www.primariacalan.ro\/index.php?rest_route=\/wp\/v2\/posts\/11061\/revisions\/14533"}],"wp:attachment":[{"href":"https:\/\/www.primariacalan.ro\/index.php?rest_route=%2Fwp%2Fv2%2Fmedia&parent=11061"}],"wp:term":[{"taxonomy":"category","embeddable":true,"href":"https:\/\/www.primariacalan.ro\/index.php?rest_route=%2Fwp%2Fv2%2Fcategories&post=11061"},{"taxonomy":"post_tag","embeddable":true,"href":"https:\/\/www.primariacalan.ro\/index.php?rest_route=%2Fwp%2Fv2%2Ftags&post=11061"},{"taxonomy":"table_tags","embeddable":true,"href":"https:\/\/www.primariacalan.ro\/index.php?rest_route=%2Fwp%2Fv2%2Ftable_tags&post=11061"},{"taxonomy":"post_folder","embeddable":true,"href":"https:\/\/www.primariacalan.ro\/index.php?rest_route=%2Fwp%2Fv2%2Fpost_folder&post=11061"}],"curies":[{"name":"wp","href":"https:\/\/api.w.org\/{rel}","templated":true}]}}