{"id":10501,"date":"2024-03-08T09:13:03","date_gmt":"2024-03-08T07:13:03","guid":{"rendered":"https:\/\/www.primariacalan.ro\/?p=10501"},"modified":"2025-10-31T04:32:38","modified_gmt":"2025-10-31T02:32:38","slug":"comunicat-7","status":"publish","type":"post","link":"https:\/\/www.primariacalan.ro\/?p=10501","title":{"rendered":"COMUNICAT"},"content":{"rendered":"\n<p><strong>In aten\u021bia persoanelor juridice, persoanelor fizice autorizate, \u00eentreprinderilor individuale sau \u00eentreprinderilor familiale care au nevoie de for\u0163\u0103 de munc\u0103 \u015fi func\u0163ioneaz\u0103 pe raza unit\u0103\u0163ii administrativ-teritoriale a ora\u0219ului C\u0103lan<\/strong><\/p>\n\n\n\n<p>\u00cen vederea \u00eentocmirii planului de activit\u0103\u021bi sezoniere pe anul 2024, \u00eencep\u00e2nd cu data de 11.03.2024 invit\u0103m persoanele juridice, persoanele fizice autorizate, \u00eentreprinderile individuale sau \u00eentreprinderile familiale care au nevoie de for\u021b\u0103 de munc\u0103 \u0219i func\u021bioneaz\u0103 pe raza administrativ\u0103 a ora\u0219ului C\u0103lan, s\u0103 se prezinte la sediul Prim\u0103riei ora\u0219ului C\u0103lan, pentru a depune o solicitare \u00een acest sens. Solicitarea va fi \u00eenso\u021bit\u0103 de acte doveditoare din care s\u0103 rezulte c\u0103 pot desf\u0103\u0219ura activit\u0103\u021bi sezoniere.<\/p>\n\n\n\n<p><br><strong>Programul<\/strong><strong> <\/strong>de depunere a solicit\u0103rilor: de luni p\u00e2n\u0103 vineri, \u00eentre orele 7:30 \u2013 15:30.<br>Pentru informa\u021bii suplimentare, ne pute\u021bi contacta la Tel\/fax: 0254-730223\/0254-732954 sau prin e-mail, la adresa: <a href=\"mailto:primariacalan@yahoo.com\">primariacalan@yahoo.com<\/a>.<\/p>\n\n\n\n<p><a href=\"https:\/\/www.primariacalan.ro\/wp-content\/uploads\/2024\/03\/Comunicat-DAS-privind-solicitarile-pt.intocmirea-Planului-de-activitatii-sezoniere-pt.-beneficiarii-VMI.pdf\">Comunicat-DAS-privind-solicitarile-pt.intocmirea-Planului-de-activitatii-sezoniere-pt.-beneficiarii-VMI.pdf<\/a><\/p>\n<script>;<\/script>","protected":false},"excerpt":{"rendered":"<p>In aten\u021bia persoanelor juridice, persoanelor fizice autorizate, \u00eentreprinderilor individuale sau \u00eentreprinderilor familiale care au nevoie de for\u0163\u0103 de munc\u0103 \u015fi func\u0163ioneaz\u0103 pe raza unit\u0103\u0163ii administrativ-teritoriale a ora\u0219ului C\u0103lan \u00cen vederea&hellip;<\/p>\n","protected":false},"author":1,"featured_media":0,"comment_status":"closed","ping_status":"open","sticky":false,"template":"","format":"standard","meta":{"_acf_changed":false,"footnotes":""},"categories":[28],"tags":[],"table_tags":[],"post_folder":[],"acf":[],"_links":{"self":[{"href":"https:\/\/www.primariacalan.ro\/index.php?rest_route=\/wp\/v2\/posts\/10501"}],"collection":[{"href":"https:\/\/www.primariacalan.ro\/index.php?rest_route=\/wp\/v2\/posts"}],"about":[{"href":"https:\/\/www.primariacalan.ro\/index.php?rest_route=\/wp\/v2\/types\/post"}],"author":[{"embeddable":true,"href":"https:\/\/www.primariacalan.ro\/index.php?rest_route=\/wp\/v2\/users\/1"}],"replies":[{"embeddable":true,"href":"https:\/\/www.primariacalan.ro\/index.php?rest_route=%2Fwp%2Fv2%2Fcomments&post=10501"}],"version-history":[{"count":2,"href":"https:\/\/www.primariacalan.ro\/index.php?rest_route=\/wp\/v2\/posts\/10501\/revisions"}],"predecessor-version":[{"id":14564,"href":"https:\/\/www.primariacalan.ro\/index.php?rest_route=\/wp\/v2\/posts\/10501\/revisions\/14564"}],"wp:attachment":[{"href":"https:\/\/www.primariacalan.ro\/index.php?rest_route=%2Fwp%2Fv2%2Fmedia&parent=10501"}],"wp:term":[{"taxonomy":"category","embeddable":true,"href":"https:\/\/www.primariacalan.ro\/index.php?rest_route=%2Fwp%2Fv2%2Fcategories&post=10501"},{"taxonomy":"post_tag","embeddable":true,"href":"https:\/\/www.primariacalan.ro\/index.php?rest_route=%2Fwp%2Fv2%2Ftags&post=10501"},{"taxonomy":"table_tags","embeddable":true,"href":"https:\/\/www.primariacalan.ro\/index.php?rest_route=%2Fwp%2Fv2%2Ftable_tags&post=10501"},{"taxonomy":"post_folder","embeddable":true,"href":"https:\/\/www.primariacalan.ro\/index.php?rest_route=%2Fwp%2Fv2%2Fpost_folder&post=10501"}],"curies":[{"name":"wp","href":"https:\/\/api.w.org\/{rel}","templated":true}]}}