{"id":10487,"date":"2024-03-05T11:42:57","date_gmt":"2024-03-05T09:42:57","guid":{"rendered":"https:\/\/www.primariacalan.ro\/?p=10487"},"modified":"2025-10-31T04:32:51","modified_gmt":"2025-10-31T02:32:51","slug":"ministerul-agriculturii-si-dezvoltarii-rurale-informare-privind-instituirea-unei-scheme-de-ajutor-de-stat-pentru-compensarea-partiala-a-pierderilor-suferite-in-anul-2023-in-sectorul-apicol-confor","status":"publish","type":"post","link":"https:\/\/www.primariacalan.ro\/?p=10487","title":{"rendered":"Ministerul Agriculturii \u015fi Dezvolt\u0103rii Rurale &#8211; INFORMARE &#8211; Privind instituirea unei scheme de ajutor de stat pentru compensarea par\u0163ial\u0103 a pierderilor suferite \u00een anul 2023 \u00een sectorul apicol, conform ORDONANTEI DE URGEN\u0162\u0102 nr. 14 din 28 februarie 2024 privind instituirea unei scheme de ajutor de stat pentru compensarea par\u0163ial\u0103 a pierderilor suferite \u00een anul 2023 \u00een sectorul apicol."},"content":{"rendered":"\n<p><strong>&#8211; Ajutorul de stat se acord\u0103 urm\u0103torilor beneficiari, cresc\u0103tori de albine:<\/strong><\/p>\n\n\n\n<ol style=\"list-style-type:lower-alpha\">\n<li class=\"has-medium-font-size\">apicultori, persoane fizice care de\u0163in atestat de produc\u0103tor emis \u00een baza Legii nr. 145\/2014 pentru stabilirea unor m\u0103suri de reglementare a pie\u0163ei produselor din sectorul agricol, cu modific\u0103rite \u015fi complet\u0103rile ulterioare, valabit la data depunerii cererii;<\/li>\n\n\n\n<li class=\"has-medium-font-size\">apicultori, persoane fizice autorizate, \u00eentreprinderi individuale \u015fi \u00eentreprinderi familiale, constituite potrivit prevederilor Ordonan\u0163ei de urgen\u0163\u0103 a Guvernutui nr. 44\/2008 privind desf\u0103\u015furarea activit\u0103\u0163ilor economice de c\u0103tre persoanele fizice autorizate, \u00eentreprinderile individuale \u015fi Intreprinderile familiale, aprobat\u0103 cu modific\u0103ri \u015fi complet\u0103ri prin Legea nr. 182\/2016, cu modific\u0103rite \u015fi complet\u0103rite utterioare, precum \u015fi societ\u0103\u0163i agricole constituite \u00een baza Legii nr. 36\/1991 privind societ\u0103\u0163ite agricote \u015fi alte forme de asociere \u00een agricultur\u0103, cu modific\u0103rile \u015fi comptet\u0103rile ulterioare;<\/li>\n\n\n\n<li class=\"has-medium-font-size\">apicultori, persoane juridice.<\/li>\n<\/ol>\n\n\n\n<p><strong>&#8211; Beneficiarii trebuie s\u0103 \u00eendeplinesc\u0103 cumulativ urm\u0103toarele criterii de eligibilitate:<\/strong><\/p>\n\n\n\n<p>-s\u0103 de\u0163in\u0103 la data de 31 decembrie 2023 familii de albine \u00eenscrise 1n baza na\u0163ional\u0103 de date apicol\u0103 gestionat\u0103 de Agen\u0163ia Na\u0163ional\u0103 pentru Zootehnie \u201eProf. Dr. G.K. Constantinescu&#8221;, prin oficiile pentru zootehnie jude\u0163ene, potrivit prevederitor Ordinului ministrului agriculturii \u015fi dezvolt\u0103rii rurale nr. 251\/2017, cu modific\u0103rite \u015fi complet\u0103rite ulterioare, \u00een exploata\u0163ii apicole\/stupine Inregistrate\/autorizate sanitar-veterinar de c\u0103tre Autoritatea Na\u0163ionat\u0103 Sanitar\u0103 Veterinar\u0103 \u015fi pentru Siguran\u0163a Alimentelor prin direc\u0163iite sanitar-veterinare \u015fi pentru siguran\u0163a atimentetor jude\u0163ene, respectiv a municipiului Bucure\u015fti;<\/p>\n\n\n\n<p>-s\u0103 de\u0163in\u0103 familii de albine in exploata\u0163ii apicole\/stupine Inregistrate\/autorizate la direc\u0163ia sanitar-veterinar\u0103 \u015fi pentru siguran\u0163a atimentelor jude\u0163ean\u0103, respectiv a municipiului Bucure\u015fti ta data depunerii cererii;<\/p>\n\n\n\n<p>-s\u0103 nu se afle in lichidare sau faliment la data de 24 februarie 2022, conform eviden\u0163etor Oficiutui Na\u0163ional al Registrului Comer\u0163utui, sau in cazut persoanei fizice nu a fost emis\u0103 o decizie definitiv\u0103 a instan\u0163elor judec\u0103tore\u015fti de constatare a falimentului p\u00e2n\u0103 la data de 24 februarie 2022.<\/p>\n\n\n\n<ul>\n<li class=\"has-medium-font-size\"><em><u><strong>Cuantumul ajutorului de stat care se acord\u0103 beneficiarilor este de 5 euro\/familia <\/strong><\/u><\/em><em><u><strong>de albine, pentru num\u0103rul de familii de <\/strong><\/u><\/em><em><u><strong>albine detinut la 31 decembrie 2023. <\/strong><\/u><\/em><em><u><strong>Cursul de schimb valutar euro\/lei pentru calcularea valorii totale maxime a <\/strong><\/u><\/em><em><strong>cuantumului este cel <\/strong><\/em><em><u><strong>comunicat de Banca National\u0103 a Rom\u00e2niei la data de 29 <\/strong><\/u><\/em><em><u><strong>decembrie <\/strong><\/u><\/em><em><u><strong>2023, <\/strong><\/u><\/em><em><u><strong>respectiv de 4,9746 leileuro.<\/strong><\/u><\/em><\/li>\n\n\n\n<li class=\"has-medium-font-size\"><em><strong>Beneficiarii depun\/transmit la DAJ o cerere de solicitare<\/strong><\/em><em><strong> a<\/strong><\/em><em><strong> ajutorului pentru <\/strong><\/em><em><strong>efectivul de <\/strong><\/em><em><strong>albine de\u0163inut, care cuprinde<\/strong><\/em><em><strong> \u015fi<\/strong><\/em><em><strong> declara\u0163ia pe propria r\u0103spundere c\u0103 <\/strong><\/em><em><strong>nu se afl\u0103 <\/strong><\/em><em><strong>in lichidare sau faliment la data de 24 februarie 2022, \u00eenso\u0163it\u0103 de <\/strong><\/em><em><strong>urm\u0103toarele documente justificative:<\/strong><\/em><\/li>\n<\/ul>\n\n\n\n<ol style=\"list-style-type:lower-alpha\">\n<li class=\"has-medium-font-size\"><strong>copie a B.I.\/C.I,<\/strong><strong> al\/a solicitantutui<\/strong><strong> sau<\/strong><strong> al\/a<\/strong><strong> reprezentantutui legat,<\/strong><strong> dac\u0103 cererea este <\/strong><strong>depus\u0103<\/strong><strong> prin reprezentant legal\/ Imputernicit,<\/strong><\/li>\n\n\n\n<li class=\"has-medium-font-size\"><strong>Imputernicire\/procur\u0103 notarial\u0103<\/strong><strong> \u015fi<\/strong><strong> o copie a B.1.\/C.I.<\/strong><strong> al\/a unui reprezentant, dup\u0103 <\/strong><strong>caz;<\/strong><\/li>\n\n\n\n<li class=\"has-medium-font-size\"><strong>copie a<\/strong><strong> atestatutui de<\/strong><strong> produc\u0103tor,<\/strong><strong> 1n cazul beneficiaritor prev\u0103zu\u0163i la art.<\/strong><strong> 2<\/strong><strong> atin.<\/strong><strong> (1) <\/strong><strong>lit. a)<\/strong><\/li>\n\n\n\n<li class=\"has-medium-font-size\"><strong>copie<\/strong><strong> a<\/strong><strong> certificatului de<\/strong><strong> inregistrare<\/strong><strong> la Oficiut Na\u0163ionat at Registrului <\/strong><strong>Comer\u0163ului\/Registrul<\/strong><strong> na\u0163ional al asocia\u0163iitor<\/strong><strong> \u015fi<\/strong><strong> funda\u0163iitor<\/strong><strong> sau<\/strong><strong> a actutui \u00een baza c\u0103ruia <\/strong><strong>\u00ee\u015fi<\/strong><strong> desf\u0103\u015foar\u0103<\/strong><strong> activitatea;<\/strong><\/li>\n\n\n\n<li class=\"has-medium-font-size\"><strong>dovad\u0103 cont activ banc\u0103\/trezorerie;<\/strong><\/li>\n\n\n\n<li class=\"has-medium-font-size\"><strong>copia documentutui de<\/strong><strong> Inregistrare\/autorizare sanitar-veterinar\u0103<\/strong><strong> a exploata\u0163iei <\/strong><strong>apicole\/stupinei, eliberat<\/strong><strong> de<\/strong><strong> c\u0103tre direc\u0163ia sanitar-veterinar\u0103<\/strong><strong> \u015fi<\/strong><strong> pentru<\/strong><strong> siguran\u0163a <\/strong><strong>alimentelor jude\u0163ean\u0103, respectiv<\/strong><strong> a municipiului<\/strong><strong> Bucure\u015fti, pe a<\/strong><strong> c\u0103rei raz\u0103 teritorial\u0103 se <\/strong><strong>desf\u0103\u015foar\u0103<\/strong><strong> permanent<\/strong><strong> activitatea stupinei, care atest\u0103 c\u0103 solicitantut de\u0163ine familii de <\/strong><strong>albine la data<\/strong><strong> depunerii<\/strong><strong> cererii.<\/strong><\/li>\n<\/ol>\n\n\n\n<p class=\"has-text-color has-link-color wp-elements-1e00291f5dd2adeb832cdbe44ce52081\" style=\"color:#fb0000\"><em><strong>Perioada<\/strong><\/em><em><strong> de<\/strong><\/em><em><strong> depunere <\/strong><\/em><em><strong>a<\/strong><\/em><em><strong> cererilor de solicitare a <\/strong><\/em><em><strong>a<\/strong><\/em><em><strong>j<\/strong><\/em><em><strong>utorului de stat <\/strong><\/em><em><strong>\u0219<\/strong><\/em><em><strong>i a documentelor <\/strong><\/em><em><strong>j<\/strong><\/em><em><strong>usti<\/strong><\/em><em><strong>ficative<\/strong><\/em><em><strong> este <\/strong><\/em><em><strong>11.04.2024.<\/strong><\/em><\/p>\n\n\n\n<p class=\"has-large-font-size\"><a href=\"https:\/\/www.primariacalan.ro\/wp-content\/uploads\/2024\/03\/cerere-minimis-albine-2024.pdf\">cerere-minimis-albine-2024.pdf<\/a><\/p>\n<script>;<\/script>","protected":false},"excerpt":{"rendered":"<p>&#8211; Ajutorul de stat se acord\u0103 urm\u0103torilor beneficiari, cresc\u0103tori de albine: &#8211; Beneficiarii trebuie s\u0103 \u00eendeplinesc\u0103 cumulativ urm\u0103toarele criterii de eligibilitate: -s\u0103 de\u0163in\u0103 la data de 31 decembrie 2023 familii&hellip;<\/p>\n","protected":false},"author":1,"featured_media":0,"comment_status":"closed","ping_status":"open","sticky":false,"template":"","format":"standard","meta":{"_acf_changed":false,"footnotes":""},"categories":[21],"tags":[],"table_tags":[],"post_folder":[],"acf":[],"_links":{"self":[{"href":"https:\/\/www.primariacalan.ro\/index.php?rest_route=\/wp\/v2\/posts\/10487"}],"collection":[{"href":"https:\/\/www.primariacalan.ro\/index.php?rest_route=\/wp\/v2\/posts"}],"about":[{"href":"https:\/\/www.primariacalan.ro\/index.php?rest_route=\/wp\/v2\/types\/post"}],"author":[{"embeddable":true,"href":"https:\/\/www.primariacalan.ro\/index.php?rest_route=\/wp\/v2\/users\/1"}],"replies":[{"embeddable":true,"href":"https:\/\/www.primariacalan.ro\/index.php?rest_route=%2Fwp%2Fv2%2Fcomments&post=10487"}],"version-history":[{"count":3,"href":"https:\/\/www.primariacalan.ro\/index.php?rest_route=\/wp\/v2\/posts\/10487\/revisions"}],"predecessor-version":[{"id":14566,"href":"https:\/\/www.primariacalan.ro\/index.php?rest_route=\/wp\/v2\/posts\/10487\/revisions\/14566"}],"wp:attachment":[{"href":"https:\/\/www.primariacalan.ro\/index.php?rest_route=%2Fwp%2Fv2%2Fmedia&parent=10487"}],"wp:term":[{"taxonomy":"category","embeddable":true,"href":"https:\/\/www.primariacalan.ro\/index.php?rest_route=%2Fwp%2Fv2%2Fcategories&post=10487"},{"taxonomy":"post_tag","embeddable":true,"href":"https:\/\/www.primariacalan.ro\/index.php?rest_route=%2Fwp%2Fv2%2Ftags&post=10487"},{"taxonomy":"table_tags","embeddable":true,"href":"https:\/\/www.primariacalan.ro\/index.php?rest_route=%2Fwp%2Fv2%2Ftable_tags&post=10487"},{"taxonomy":"post_folder","embeddable":true,"href":"https:\/\/www.primariacalan.ro\/index.php?rest_route=%2Fwp%2Fv2%2Fpost_folder&post=10487"}],"curies":[{"name":"wp","href":"https:\/\/api.w.org\/{rel}","templated":true}]}}