{"id":10469,"date":"2024-02-29T12:13:47","date_gmt":"2024-02-29T10:13:47","guid":{"rendered":"https:\/\/www.primariacalan.ro\/?p=10469"},"modified":"2025-10-31T04:33:04","modified_gmt":"2025-10-31T02:33:04","slug":"comunicat-de-presa-14","status":"publish","type":"post","link":"https:\/\/www.primariacalan.ro\/?p=10469","title":{"rendered":"COMUNICAT DE PRES\u0102"},"content":{"rendered":"\n<p><em><strong>APIA am\u00e2n\u0103 startul Campaniei de primire <\/strong><\/em><em><strong>a <\/strong><\/em><em><strong>Cererilor de Plat\u0103 pentru <\/strong><\/em><em><strong>anul 2024<\/strong><\/em><\/p>\n\n\n\n<p>Agen\u0163ia de Pl\u0103\u0163i \u015fi Interven\u0163ie pentru Agricultur\u0103 (APIA) informeaz\u0103 poten\u021bialii beneficiari c\u0103 <strong>am\u00e2n\u0103<\/strong> <strong>startul Campaniei de primire <\/strong><strong>a <\/strong><strong>Cererilor de Plat\u0103 <\/strong><strong>cu cel pu\u021bin 2 s\u0103pt\u0103m\u00e2ni.<\/strong><\/p>\n\n\n\n<p>\u00cen acest moment se modific\u0103 legisla\u021bia european\u0103, \u00een sensul modific\u0103rii\/aprob\u0103rii Regulamentului (UE) nr. 2115\/2021 opozabil Rom\u00e2niei.Totodat\u0103, se a\u0219teapt\u0103 de la Comisia European\u0103 (CE) derog\u0103rile privind condi\u021bionalitatea pentru GAEC 7 \u0219i GAEC 8.<\/p>\n\n\n\n<p>Ulterior, legisla\u021bia na\u021bional\u0103 se va aproba \u00een sensul celor stabilite \u00een legisla\u021bia european\u0103.<\/p>\n\n\n\n<p>Astfel, av\u00e2nd \u00een vedere aspectele prezentate mai sus, APIA am\u00e2n\u0103 termenul de depunere a cererilor de plat\u0103 pentru anul 2024 \u00een func\u021bie de calendarul stabilit pentru aprobarea tuturor actelor normative.<\/p>\n\n\n\n<p>Chiar \u0219i a\u0219a, <strong>APIA a pus la dispozi\u021bia fermierilor rom\u00e2ni aplica\u021bia IPA ONLINE<\/strong> prin care ace\u0219tia pot face modific\u0103ri\/actualiz\u0103ri ale cererilor unice depuse, sector vegetal, <strong>F\u0102R\u0102 A avea posibilitatea de a \u00eenchide cererile \u0219i a le aproba<\/strong>, p\u00e2n\u0103 la stabilirea datelor concrete de \u00eencepere a Campaniei 2024.<\/p>\n\n\n\n<figure class=\"wp-block-image size-large\"><img fetchpriority=\"high\" decoding=\"async\" width=\"791\" height=\"1024\" src=\"https:\/\/www.primariacalan.ro\/wp-content\/uploads\/2024\/02\/CP_Amanare-termen_depunere-cereri_Campania-2024_29.02.2024-791x1024.jpg\" alt=\"\" class=\"wp-image-10470\" srcset=\"https:\/\/www.primariacalan.ro\/wp-content\/uploads\/2024\/02\/CP_Amanare-termen_depunere-cereri_Campania-2024_29.02.2024-791x1024.jpg 791w, https:\/\/www.primariacalan.ro\/wp-content\/uploads\/2024\/02\/CP_Amanare-termen_depunere-cereri_Campania-2024_29.02.2024-232x300.jpg 232w, https:\/\/www.primariacalan.ro\/wp-content\/uploads\/2024\/02\/CP_Amanare-termen_depunere-cereri_Campania-2024_29.02.2024-77x100.jpg 77w, https:\/\/www.primariacalan.ro\/wp-content\/uploads\/2024\/02\/CP_Amanare-termen_depunere-cereri_Campania-2024_29.02.2024-768x994.jpg 768w, https:\/\/www.primariacalan.ro\/wp-content\/uploads\/2024\/02\/CP_Amanare-termen_depunere-cereri_Campania-2024_29.02.2024-140x181.jpg 140w, https:\/\/www.primariacalan.ro\/wp-content\/uploads\/2024\/02\/CP_Amanare-termen_depunere-cereri_Campania-2024_29.02.2024.jpg 817w\" sizes=\"(max-width: 791px) 100vw, 791px\" \/><\/figure>\n<script>;<\/script>","protected":false},"excerpt":{"rendered":"<p>APIA am\u00e2n\u0103 startul Campaniei de primire a Cererilor de Plat\u0103 pentru anul 2024 Agen\u0163ia de Pl\u0103\u0163i \u015fi Interven\u0163ie pentru Agricultur\u0103 (APIA) informeaz\u0103 poten\u021bialii beneficiari c\u0103 am\u00e2n\u0103 startul Campaniei de primire&hellip;<\/p>\n","protected":false},"author":1,"featured_media":0,"comment_status":"closed","ping_status":"open","sticky":false,"template":"","format":"standard","meta":{"_acf_changed":false,"footnotes":""},"categories":[21],"tags":[],"table_tags":[],"post_folder":[],"acf":[],"_links":{"self":[{"href":"https:\/\/www.primariacalan.ro\/index.php?rest_route=\/wp\/v2\/posts\/10469"}],"collection":[{"href":"https:\/\/www.primariacalan.ro\/index.php?rest_route=\/wp\/v2\/posts"}],"about":[{"href":"https:\/\/www.primariacalan.ro\/index.php?rest_route=\/wp\/v2\/types\/post"}],"author":[{"embeddable":true,"href":"https:\/\/www.primariacalan.ro\/index.php?rest_route=\/wp\/v2\/users\/1"}],"replies":[{"embeddable":true,"href":"https:\/\/www.primariacalan.ro\/index.php?rest_route=%2Fwp%2Fv2%2Fcomments&post=10469"}],"version-history":[{"count":2,"href":"https:\/\/www.primariacalan.ro\/index.php?rest_route=\/wp\/v2\/posts\/10469\/revisions"}],"predecessor-version":[{"id":14568,"href":"https:\/\/www.primariacalan.ro\/index.php?rest_route=\/wp\/v2\/posts\/10469\/revisions\/14568"}],"wp:attachment":[{"href":"https:\/\/www.primariacalan.ro\/index.php?rest_route=%2Fwp%2Fv2%2Fmedia&parent=10469"}],"wp:term":[{"taxonomy":"category","embeddable":true,"href":"https:\/\/www.primariacalan.ro\/index.php?rest_route=%2Fwp%2Fv2%2Fcategories&post=10469"},{"taxonomy":"post_tag","embeddable":true,"href":"https:\/\/www.primariacalan.ro\/index.php?rest_route=%2Fwp%2Fv2%2Ftags&post=10469"},{"taxonomy":"table_tags","embeddable":true,"href":"https:\/\/www.primariacalan.ro\/index.php?rest_route=%2Fwp%2Fv2%2Ftable_tags&post=10469"},{"taxonomy":"post_folder","embeddable":true,"href":"https:\/\/www.primariacalan.ro\/index.php?rest_route=%2Fwp%2Fv2%2Fpost_folder&post=10469"}],"curies":[{"name":"wp","href":"https:\/\/api.w.org\/{rel}","templated":true}]}}